{"id":11889,"date":"2023-11-14T15:00:57","date_gmt":"2023-11-14T15:00:57","guid":{"rendered":"https:\/\/inversionrentavitalicia.com\/?p=11889"},"modified":"2023-11-14T15:00:57","modified_gmt":"2023-11-14T15:00:57","slug":"macrolocalizacion-y-microlocalizacion-de-una-vivienda","status":"publish","type":"post","link":"https:\/\/www.gruporetiro.com\/inversor\/2023\/11\/14\/macrolocalizacion-y-microlocalizacion-de-una-vivienda\/","title":{"rendered":"Macrolocalizaci\u00f3n y microlocalizaci\u00f3n de una vivienda"},"content":{"rendered":"<p><b><img fetchpriority=\"high\" decoding=\"async\" class=\"wp-image-11893 alignleft\" src=\"https:\/\/gruporetiro.com\/inversor\/wp-content\/uploads\/2023\/11\/iStock-1300132369-1024x576.jpg\" alt=\"Macrolocalizaci\u00f3n y microlocalizaci\u00f3n, Inversi\u00f3n Renta Vitalicia\" width=\"350\" height=\"197\" \/>Si est\u00e1s familiarizado con el sector inmobiliario<\/b><span style=\"font-weight: 400;\">, es posible que hayas escuchado hablar de los conceptos de macrolocalizaci\u00f3n y microlocalizaci\u00f3n. Sin embargo, puede que no los hayas llegado a comprender del todo.\u00a0\u00a0<\/span><\/p>\n<p><span style=\"font-weight: 400;\">Estos dos aspectos sirven para que <\/span><a href=\"https:\/\/gruporetiro.com\/inversor\/\"><span style=\"font-weight: 400;\">inversores del sector inmobiliario<\/span><\/a><span style=\"font-weight: 400;\"> y compradores privados puedan tomar la decisi\u00f3n de compra que mejor se adapte a sus necesidades. A continuaci\u00f3n te explicaremos con m\u00e1s detalle <\/span><b>en qu\u00e9 consisten estos dos conceptos. <\/b><\/p>\n<h2><b>\u00bfQu\u00e9 son la macrolocalizaci\u00f3n y microlocalizaci\u00f3n?<\/b><\/h2>\n<p><span style=\"font-weight: 400;\">Los conceptos de macrolocalizaci\u00f3n y microlocalizaci\u00f3n se refieren a la <\/span><b>ubicaci\u00f3n de una vivienda <\/b><span style=\"font-weight: 400;\">y las caracter\u00edsticas alrededor de la misma. Te explicamos a continuaci\u00f3n cada uno de estos dos conceptos y su principal diferencia:\u00a0\u00a0<\/span><b><\/b><\/p>\n<ul>\n<li aria-level=\"1\"><b>Macrolocalizaci\u00f3n: <\/b><span style=\"font-weight: 400;\">Hace referencia a la ubicaci\u00f3n geogr\u00e1fica m\u00e1s beneficiosa para una vivienda. Puede ser una regi\u00f3n, ciudad, pa\u00eds, o cualquier unidad geogr\u00e1fica superior.\u00a0<\/span><\/li>\n<\/ul>\n<ul>\n<li aria-level=\"1\"><b>Microlocalizaci\u00f3n:\u00a0 <\/b><span style=\"font-weight: 400;\">Se refiere a la localizaci\u00f3n exacta y precisa dentro de la macrolocalizaci\u00f3n previamente seleccionada. En esta ubicaci\u00f3n se tiene en cuenta aspectos como la red de transporte y autopistas, las otras viviendas del entorno, accesibilidad de comercios, etc.\u00a0<\/span><\/li>\n<\/ul>\n<p><span style=\"font-weight: 400;\">Mientras que la macrolocalizaci\u00f3n se refiere a factores mucho m\u00e1s generales, la microlocalizaci\u00f3n requiere un an\u00e1lisis mucho m\u00e1s exhaustivo y detallado de la ubicaci\u00f3n. Adem\u00e1s, <\/span><b>los criterios de la microlocalizaci\u00f3n ser\u00e1n los que determinen el precio<\/b><span style=\"font-weight: 400;\"> por metro cuadrado de la vivienda.\u00a0<\/span><\/p>\n<p><img decoding=\"async\" class=\"aligncenter size-large wp-image-11895\" src=\"https:\/\/gruporetiro.com\/inversor\/wp-content\/uploads\/2023\/11\/iStock-1281223807-1024x605.jpg\" alt=\"Qu\u00e9 es macrolocalizaci\u00f3n y microlocalizaci\u00f3n, Inversi\u00f3n Renta Vitalicia\" width=\"828\" height=\"489\" \/><\/p>\n<h2><b>C\u00f3mo afectan la macrolocalizaci\u00f3n y microlocalizaci\u00f3n al sector inmobiliario<\/b><\/h2>\n<p><span style=\"font-weight: 400;\">Ahora que ya conoces los conceptos de macrolocalizaci\u00f3n y microlocalizaci\u00f3n, te ser\u00e1 mucho m\u00e1s sencillo entender c\u00f3mo afectan en el sector inmobiliario.\u00a0<\/span><\/p>\n<p><span style=\"font-weight: 400;\">En funci\u00f3n de la macrolocalizaci\u00f3n y microlocalizaci\u00f3n de una vivienda, y las caracter\u00edsticas analizadas, <\/span><b>en el sector inmobiliario se establece una clasificaci\u00f3n. <\/b><span style=\"font-weight: 400;\">De esta forma, pueden definirse localizaciones mejores, buenas, medias o b\u00e1sicas. <\/span><b>\u00a0<\/b><\/p>\n<p><b>Los locales comerciales tambi\u00e9n se rigen por esta clasificaci\u00f3n. <\/b><span style=\"font-weight: 400;\">As\u00ed, puede haber categor\u00edas 1A, 1B, 2A y 2B.\u00a0<\/span><\/p>\n<p><span style=\"font-weight: 400;\">Si est\u00e1s pensando en <\/span><a href=\"https:\/\/gruporetiro.com\/inversor\/nuestros-inmuebles\/\"><span style=\"font-weight: 400;\">invertir en Madrid<\/span><\/a><span style=\"font-weight: 400;\">, en Inversi\u00f3n Renta Vitalicia podr\u00e1s encontrar grandes oportunidades de invertir en vivienda a costes muy inferiores al precio de mercado. Aprovecha esta ocasi\u00f3n y encuentra tu gran oportunidad para realizar tu inversi\u00f3n. <\/span><\/p>\n","protected":false},"excerpt":{"rendered":"<p>Si est\u00e1s familiarizado con el sector inmobiliario, es posible que hayas escuchado hablar de los conceptos de macrolocalizaci\u00f3n y microlocalizaci\u00f3n. Sin embargo, puede que no los hayas llegado a comprender del todo.\u00a0\u00a0 Estos dos aspectos sirven para que inversores del sector inmobiliario y compradores privados puedan tomar la decisi\u00f3n de compra que mejor se adapte [&hellip;]<\/p>\n","protected":false},"author":1,"featured_media":11893,"comment_status":"open","ping_status":"open","sticky":false,"template":"","format":"standard","meta":{"_acf_changed":false,"content-type":"","footnotes":""},"categories":[95],"tags":[116,140,144,145,146],"class_list":["post-11889","post","type-post","status-publish","format-standard","has-post-thumbnail","hentry","category-inmobiliaria","tag-inversion-inmobilia","tag-invertir-en-vivienda","tag-macrolocalizacion","tag-microlocalizacion","tag-sector-inmobiliario"],"acf":[],"yoast_head":"<!-- This site is optimized with the Yoast SEO plugin v26.9 - https:\/\/yoast.com\/product\/yoast-seo-wordpress\/ -->\n<title>Macrolocalizaci\u00f3n y microlocalizaci\u00f3n de una vivienda<\/title>\n<meta name=\"description\" content=\"Te explicamos qu\u00e9 es macrolocalizaci\u00f3n y microlocalizaci\u00f3n, sus diferencias y c\u00f3mo afectan estos dos conceptos al sector inmobiliario.\" \/>\n<meta name=\"robots\" content=\"index, follow, max-snippet:-1, max-image-preview:large, max-video-preview:-1\" \/>\n<link rel=\"canonical\" href=\"https:\/\/www.gruporetiro.com\/inversor\/2023\/11\/14\/macrolocalizacion-y-microlocalizacion-de-una-vivienda\/\" \/>\n<meta property=\"og:locale\" content=\"es_ES\" \/>\n<meta property=\"og:type\" content=\"article\" \/>\n<meta property=\"og:title\" content=\"Macrolocalizaci\u00f3n y microlocalizaci\u00f3n de una vivienda\" \/>\n<meta property=\"og:description\" content=\"Te explicamos qu\u00e9 es macrolocalizaci\u00f3n y microlocalizaci\u00f3n, sus diferencias y c\u00f3mo afectan estos dos conceptos al sector inmobiliario.\" \/>\n<meta property=\"og:url\" content=\"https:\/\/www.gruporetiro.com\/inversor\/2023\/11\/14\/macrolocalizacion-y-microlocalizacion-de-una-vivienda\/\" \/>\n<meta property=\"og:site_name\" content=\"Inversi\u00f3n Renta Vitalicia\" \/>\n<meta property=\"article:published_time\" content=\"2023-11-14T15:00:57+00:00\" \/>\n<meta property=\"og:image\" content=\"https:\/\/www.gruporetiro.com\/inversor\/wp-content\/uploads\/2023\/11\/iStock-1300132369-scaled-e1699973657913.jpg\" \/>\n\t<meta property=\"og:image:width\" content=\"1200\" \/>\n\t<meta property=\"og:image:height\" content=\"675\" \/>\n\t<meta property=\"og:image:type\" content=\"image\/jpeg\" \/>\n<meta name=\"author\" content=\"admin\" \/>\n<meta name=\"twitter:card\" content=\"summary_large_image\" \/>\n<meta name=\"twitter:label1\" content=\"Escrito por\" \/>\n\t<meta name=\"twitter:data1\" content=\"admin\" \/>\n\t<meta name=\"twitter:label2\" content=\"Tiempo de lectura\" \/>\n\t<meta name=\"twitter:data2\" content=\"2 minutos\" \/>\n<script type=\"application\/ld+json\" class=\"yoast-schema-graph\">{\"@context\":\"https:\/\/schema.org\",\"@graph\":[{\"@type\":\"Article\",\"@id\":\"https:\/\/www.gruporetiro.com\/inversor\/2023\/11\/14\/macrolocalizacion-y-microlocalizacion-de-una-vivienda\/#article\",\"isPartOf\":{\"@id\":\"https:\/\/www.gruporetiro.com\/inversor\/2023\/11\/14\/macrolocalizacion-y-microlocalizacion-de-una-vivienda\/\"},\"author\":{\"name\":\"admin\",\"@id\":\"https:\/\/www.gruporetiro.com\/inversor\/#\/schema\/person\/3a5d6cf1d26e0dd5135faf6241d40248\"},\"headline\":\"Macrolocalizaci\u00f3n y microlocalizaci\u00f3n de una vivienda\",\"datePublished\":\"2023-11-14T15:00:57+00:00\",\"mainEntityOfPage\":{\"@id\":\"https:\/\/www.gruporetiro.com\/inversor\/2023\/11\/14\/macrolocalizacion-y-microlocalizacion-de-una-vivienda\/\"},\"wordCount\":399,\"commentCount\":0,\"image\":{\"@id\":\"https:\/\/www.gruporetiro.com\/inversor\/2023\/11\/14\/macrolocalizacion-y-microlocalizacion-de-una-vivienda\/#primaryimage\"},\"thumbnailUrl\":\"https:\/\/www.gruporetiro.com\/inversor\/wp-content\/uploads\/2023\/11\/iStock-1300132369-scaled-e1699973657913.jpg\",\"keywords\":[\"Inversi\u00f3n Inmobilia\",\"invertir en vivienda\",\"macrolocalizaci\u00f3n\",\"microlocalizaci\u00f3n\",\"sector inmobiliario\"],\"articleSection\":[\"Inmobiliaria\"],\"inLanguage\":\"es\",\"potentialAction\":[{\"@type\":\"CommentAction\",\"name\":\"Comment\",\"target\":[\"https:\/\/www.gruporetiro.com\/inversor\/2023\/11\/14\/macrolocalizacion-y-microlocalizacion-de-una-vivienda\/#respond\"]}]},{\"@type\":\"WebPage\",\"@id\":\"https:\/\/www.gruporetiro.com\/inversor\/2023\/11\/14\/macrolocalizacion-y-microlocalizacion-de-una-vivienda\/\",\"url\":\"https:\/\/www.gruporetiro.com\/inversor\/2023\/11\/14\/macrolocalizacion-y-microlocalizacion-de-una-vivienda\/\",\"name\":\"Macrolocalizaci\u00f3n y microlocalizaci\u00f3n de una vivienda\",\"isPartOf\":{\"@id\":\"https:\/\/www.gruporetiro.com\/inversor\/#website\"},\"primaryImageOfPage\":{\"@id\":\"https:\/\/www.gruporetiro.com\/inversor\/2023\/11\/14\/macrolocalizacion-y-microlocalizacion-de-una-vivienda\/#primaryimage\"},\"image\":{\"@id\":\"https:\/\/www.gruporetiro.com\/inversor\/2023\/11\/14\/macrolocalizacion-y-microlocalizacion-de-una-vivienda\/#primaryimage\"},\"thumbnailUrl\":\"https:\/\/www.gruporetiro.com\/inversor\/wp-content\/uploads\/2023\/11\/iStock-1300132369-scaled-e1699973657913.jpg\",\"datePublished\":\"2023-11-14T15:00:57+00:00\",\"author\":{\"@id\":\"https:\/\/www.gruporetiro.com\/inversor\/#\/schema\/person\/3a5d6cf1d26e0dd5135faf6241d40248\"},\"description\":\"Te explicamos qu\u00e9 es macrolocalizaci\u00f3n y microlocalizaci\u00f3n, sus diferencias y c\u00f3mo afectan estos dos conceptos al sector inmobiliario.\",\"breadcrumb\":{\"@id\":\"https:\/\/www.gruporetiro.com\/inversor\/2023\/11\/14\/macrolocalizacion-y-microlocalizacion-de-una-vivienda\/#breadcrumb\"},\"inLanguage\":\"es\",\"potentialAction\":[{\"@type\":\"ReadAction\",\"target\":[\"https:\/\/www.gruporetiro.com\/inversor\/2023\/11\/14\/macrolocalizacion-y-microlocalizacion-de-una-vivienda\/\"]}]},{\"@type\":\"ImageObject\",\"inLanguage\":\"es\",\"@id\":\"https:\/\/www.gruporetiro.com\/inversor\/2023\/11\/14\/macrolocalizacion-y-microlocalizacion-de-una-vivienda\/#primaryimage\",\"url\":\"https:\/\/www.gruporetiro.com\/inversor\/wp-content\/uploads\/2023\/11\/iStock-1300132369-scaled-e1699973657913.jpg\",\"contentUrl\":\"https:\/\/www.gruporetiro.com\/inversor\/wp-content\/uploads\/2023\/11\/iStock-1300132369-scaled-e1699973657913.jpg\",\"width\":1200,\"height\":675,\"caption\":\"Macrolocalizaci\u00f3n y microlocalizaci\u00f3n, Inversi\u00f3n Renta Vitalicia\"},{\"@type\":\"BreadcrumbList\",\"@id\":\"https:\/\/www.gruporetiro.com\/inversor\/2023\/11\/14\/macrolocalizacion-y-microlocalizacion-de-una-vivienda\/#breadcrumb\",\"itemListElement\":[{\"@type\":\"ListItem\",\"position\":1,\"name\":\"Portada\",\"item\":\"https:\/\/www.gruporetiro.com\/inversor\/\"},{\"@type\":\"ListItem\",\"position\":2,\"name\":\"Macrolocalizaci\u00f3n y microlocalizaci\u00f3n de una vivienda\"}]},{\"@type\":\"WebSite\",\"@id\":\"https:\/\/www.gruporetiro.com\/inversor\/#website\",\"url\":\"https:\/\/www.gruporetiro.com\/inversor\/\",\"name\":\"Inversi\u00f3n Renta Vitalicia\",\"description\":\"\",\"potentialAction\":[{\"@type\":\"SearchAction\",\"target\":{\"@type\":\"EntryPoint\",\"urlTemplate\":\"https:\/\/www.gruporetiro.com\/inversor\/?s={search_term_string}\"},\"query-input\":{\"@type\":\"PropertyValueSpecification\",\"valueRequired\":true,\"valueName\":\"search_term_string\"}}],\"inLanguage\":\"es\"},{\"@type\":\"Person\",\"@id\":\"https:\/\/www.gruporetiro.com\/inversor\/#\/schema\/person\/3a5d6cf1d26e0dd5135faf6241d40248\",\"name\":\"admin\",\"image\":{\"@type\":\"ImageObject\",\"inLanguage\":\"es\",\"@id\":\"https:\/\/www.gruporetiro.com\/inversor\/#\/schema\/person\/image\/\",\"url\":\"https:\/\/secure.gravatar.com\/avatar\/c7afa5962b5f1557592c6cbc45b6b19f538bc0ea853d455320f793b58050f0b8?s=96&d=mm&r=g\",\"contentUrl\":\"https:\/\/secure.gravatar.com\/avatar\/c7afa5962b5f1557592c6cbc45b6b19f538bc0ea853d455320f793b58050f0b8?s=96&d=mm&r=g\",\"caption\":\"admin\"},\"sameAs\":[\"https:\/\/gruporetiro.com\/inversor\"],\"url\":\"https:\/\/www.gruporetiro.com\/inversor\/author\/admin\/\"}]}<\/script>\n<!-- \/ Yoast SEO plugin. -->","yoast_head_json":{"title":"Macrolocalizaci\u00f3n y microlocalizaci\u00f3n de una vivienda","description":"Te explicamos qu\u00e9 es macrolocalizaci\u00f3n y microlocalizaci\u00f3n, sus diferencias y c\u00f3mo afectan estos dos conceptos al sector inmobiliario.","robots":{"index":"index","follow":"follow","max-snippet":"max-snippet:-1","max-image-preview":"max-image-preview:large","max-video-preview":"max-video-preview:-1"},"canonical":"https:\/\/www.gruporetiro.com\/inversor\/2023\/11\/14\/macrolocalizacion-y-microlocalizacion-de-una-vivienda\/","og_locale":"es_ES","og_type":"article","og_title":"Macrolocalizaci\u00f3n y microlocalizaci\u00f3n de una vivienda","og_description":"Te explicamos qu\u00e9 es macrolocalizaci\u00f3n y microlocalizaci\u00f3n, sus diferencias y c\u00f3mo afectan estos dos conceptos al sector inmobiliario.","og_url":"https:\/\/www.gruporetiro.com\/inversor\/2023\/11\/14\/macrolocalizacion-y-microlocalizacion-de-una-vivienda\/","og_site_name":"Inversi\u00f3n Renta Vitalicia","article_published_time":"2023-11-14T15:00:57+00:00","og_image":[{"width":1200,"height":675,"url":"https:\/\/www.gruporetiro.com\/inversor\/wp-content\/uploads\/2023\/11\/iStock-1300132369-scaled-e1699973657913.jpg","type":"image\/jpeg"}],"author":"admin","twitter_card":"summary_large_image","twitter_misc":{"Escrito por":"admin","Tiempo de lectura":"2 minutos"},"schema":{"@context":"https:\/\/schema.org","@graph":[{"@type":"Article","@id":"https:\/\/www.gruporetiro.com\/inversor\/2023\/11\/14\/macrolocalizacion-y-microlocalizacion-de-una-vivienda\/#article","isPartOf":{"@id":"https:\/\/www.gruporetiro.com\/inversor\/2023\/11\/14\/macrolocalizacion-y-microlocalizacion-de-una-vivienda\/"},"author":{"name":"admin","@id":"https:\/\/www.gruporetiro.com\/inversor\/#\/schema\/person\/3a5d6cf1d26e0dd5135faf6241d40248"},"headline":"Macrolocalizaci\u00f3n y microlocalizaci\u00f3n de una vivienda","datePublished":"2023-11-14T15:00:57+00:00","mainEntityOfPage":{"@id":"https:\/\/www.gruporetiro.com\/inversor\/2023\/11\/14\/macrolocalizacion-y-microlocalizacion-de-una-vivienda\/"},"wordCount":399,"commentCount":0,"image":{"@id":"https:\/\/www.gruporetiro.com\/inversor\/2023\/11\/14\/macrolocalizacion-y-microlocalizacion-de-una-vivienda\/#primaryimage"},"thumbnailUrl":"https:\/\/www.gruporetiro.com\/inversor\/wp-content\/uploads\/2023\/11\/iStock-1300132369-scaled-e1699973657913.jpg","keywords":["Inversi\u00f3n Inmobilia","invertir en vivienda","macrolocalizaci\u00f3n","microlocalizaci\u00f3n","sector inmobiliario"],"articleSection":["Inmobiliaria"],"inLanguage":"es","potentialAction":[{"@type":"CommentAction","name":"Comment","target":["https:\/\/www.gruporetiro.com\/inversor\/2023\/11\/14\/macrolocalizacion-y-microlocalizacion-de-una-vivienda\/#respond"]}]},{"@type":"WebPage","@id":"https:\/\/www.gruporetiro.com\/inversor\/2023\/11\/14\/macrolocalizacion-y-microlocalizacion-de-una-vivienda\/","url":"https:\/\/www.gruporetiro.com\/inversor\/2023\/11\/14\/macrolocalizacion-y-microlocalizacion-de-una-vivienda\/","name":"Macrolocalizaci\u00f3n y microlocalizaci\u00f3n de una vivienda","isPartOf":{"@id":"https:\/\/www.gruporetiro.com\/inversor\/#website"},"primaryImageOfPage":{"@id":"https:\/\/www.gruporetiro.com\/inversor\/2023\/11\/14\/macrolocalizacion-y-microlocalizacion-de-una-vivienda\/#primaryimage"},"image":{"@id":"https:\/\/www.gruporetiro.com\/inversor\/2023\/11\/14\/macrolocalizacion-y-microlocalizacion-de-una-vivienda\/#primaryimage"},"thumbnailUrl":"https:\/\/www.gruporetiro.com\/inversor\/wp-content\/uploads\/2023\/11\/iStock-1300132369-scaled-e1699973657913.jpg","datePublished":"2023-11-14T15:00:57+00:00","author":{"@id":"https:\/\/www.gruporetiro.com\/inversor\/#\/schema\/person\/3a5d6cf1d26e0dd5135faf6241d40248"},"description":"Te explicamos qu\u00e9 es macrolocalizaci\u00f3n y microlocalizaci\u00f3n, sus diferencias y c\u00f3mo afectan estos dos conceptos al sector inmobiliario.","breadcrumb":{"@id":"https:\/\/www.gruporetiro.com\/inversor\/2023\/11\/14\/macrolocalizacion-y-microlocalizacion-de-una-vivienda\/#breadcrumb"},"inLanguage":"es","potentialAction":[{"@type":"ReadAction","target":["https:\/\/www.gruporetiro.com\/inversor\/2023\/11\/14\/macrolocalizacion-y-microlocalizacion-de-una-vivienda\/"]}]},{"@type":"ImageObject","inLanguage":"es","@id":"https:\/\/www.gruporetiro.com\/inversor\/2023\/11\/14\/macrolocalizacion-y-microlocalizacion-de-una-vivienda\/#primaryimage","url":"https:\/\/www.gruporetiro.com\/inversor\/wp-content\/uploads\/2023\/11\/iStock-1300132369-scaled-e1699973657913.jpg","contentUrl":"https:\/\/www.gruporetiro.com\/inversor\/wp-content\/uploads\/2023\/11\/iStock-1300132369-scaled-e1699973657913.jpg","width":1200,"height":675,"caption":"Macrolocalizaci\u00f3n y microlocalizaci\u00f3n, Inversi\u00f3n Renta Vitalicia"},{"@type":"BreadcrumbList","@id":"https:\/\/www.gruporetiro.com\/inversor\/2023\/11\/14\/macrolocalizacion-y-microlocalizacion-de-una-vivienda\/#breadcrumb","itemListElement":[{"@type":"ListItem","position":1,"name":"Portada","item":"https:\/\/www.gruporetiro.com\/inversor\/"},{"@type":"ListItem","position":2,"name":"Macrolocalizaci\u00f3n y microlocalizaci\u00f3n de una vivienda"}]},{"@type":"WebSite","@id":"https:\/\/www.gruporetiro.com\/inversor\/#website","url":"https:\/\/www.gruporetiro.com\/inversor\/","name":"Inversi\u00f3n Renta Vitalicia","description":"","potentialAction":[{"@type":"SearchAction","target":{"@type":"EntryPoint","urlTemplate":"https:\/\/www.gruporetiro.com\/inversor\/?s={search_term_string}"},"query-input":{"@type":"PropertyValueSpecification","valueRequired":true,"valueName":"search_term_string"}}],"inLanguage":"es"},{"@type":"Person","@id":"https:\/\/www.gruporetiro.com\/inversor\/#\/schema\/person\/3a5d6cf1d26e0dd5135faf6241d40248","name":"admin","image":{"@type":"ImageObject","inLanguage":"es","@id":"https:\/\/www.gruporetiro.com\/inversor\/#\/schema\/person\/image\/","url":"https:\/\/secure.gravatar.com\/avatar\/c7afa5962b5f1557592c6cbc45b6b19f538bc0ea853d455320f793b58050f0b8?s=96&d=mm&r=g","contentUrl":"https:\/\/secure.gravatar.com\/avatar\/c7afa5962b5f1557592c6cbc45b6b19f538bc0ea853d455320f793b58050f0b8?s=96&d=mm&r=g","caption":"admin"},"sameAs":["https:\/\/gruporetiro.com\/inversor"],"url":"https:\/\/www.gruporetiro.com\/inversor\/author\/admin\/"}]}},"_links":{"self":[{"href":"https:\/\/www.gruporetiro.com\/inversor\/wp-json\/wp\/v2\/posts\/11889","targetHints":{"allow":["GET"]}}],"collection":[{"href":"https:\/\/www.gruporetiro.com\/inversor\/wp-json\/wp\/v2\/posts"}],"about":[{"href":"https:\/\/www.gruporetiro.com\/inversor\/wp-json\/wp\/v2\/types\/post"}],"author":[{"embeddable":true,"href":"https:\/\/www.gruporetiro.com\/inversor\/wp-json\/wp\/v2\/users\/1"}],"replies":[{"embeddable":true,"href":"https:\/\/www.gruporetiro.com\/inversor\/wp-json\/wp\/v2\/comments?post=11889"}],"version-history":[{"count":0,"href":"https:\/\/www.gruporetiro.com\/inversor\/wp-json\/wp\/v2\/posts\/11889\/revisions"}],"wp:featuredmedia":[{"embeddable":true,"href":"https:\/\/www.gruporetiro.com\/inversor\/wp-json\/wp\/v2\/media\/11893"}],"wp:attachment":[{"href":"https:\/\/www.gruporetiro.com\/inversor\/wp-json\/wp\/v2\/media?parent=11889"}],"wp:term":[{"taxonomy":"category","embeddable":true,"href":"https:\/\/www.gruporetiro.com\/inversor\/wp-json\/wp\/v2\/categories?post=11889"},{"taxonomy":"post_tag","embeddable":true,"href":"https:\/\/www.gruporetiro.com\/inversor\/wp-json\/wp\/v2\/tags?post=11889"}],"curies":[{"name":"wp","href":"https:\/\/api.w.org\/{rel}","templated":true}]}}