{"id":12435,"date":"2024-01-30T10:56:32","date_gmt":"2024-01-30T10:56:32","guid":{"rendered":"https:\/\/inversionrentavitalicia.com\/?p=12435"},"modified":"2024-01-30T10:56:32","modified_gmt":"2024-01-30T10:56:32","slug":"que-esperar-del-sector-inmobiliario-este-ano","status":"publish","type":"post","link":"https:\/\/www.gruporetiro.com\/inversor\/2024\/01\/30\/que-esperar-del-sector-inmobiliario-este-ano\/","title":{"rendered":"\u00bfQu\u00e9 esperar del sector inmobiliario este a\u00f1o?"},"content":{"rendered":"<p><span style=\"font-weight: 400;\"><img fetchpriority=\"high\" decoding=\"async\" class=\"wp-image-12437 alignleft\" src=\"https:\/\/gruporetiro.com\/inversor\/wp-content\/uploads\/2024\/01\/iStock-1331971473-1024x576.jpg\" alt=\"Qu\u00e9 esperar del sector inmobiliario este a\u00f1o, Inversi\u00f3n Renta Vitalicia\" width=\"350\" height=\"197\" \/>El sector inmobiliario es un sector cambiante y convulso, y <\/span><b>depende de varios factores, como la econom\u00eda<\/b><span style=\"font-weight: 400;\">. A continuaci\u00f3n, te contamos lo que se puede esperar del sector inmobiliario este a\u00f1o 2024. <\/span><\/p>\n<p>Veremos varios aspectos relevantes para que tengas una imagen completa de la situaci\u00f3n actual en el \u00e1rea inmobiliaria.<!--more--><\/p>\n<h2><span style=\"font-weight: 400;\">Incertidumbre<\/span><\/h2>\n<p><span style=\"font-weight: 400;\">Para empezar, hay que se\u00f1alar que <\/span><b>2024 ser\u00e1 un a\u00f1o de incertidumbre en el sector inmobiliario<\/b><span style=\"font-weight: 400;\">. La evoluci\u00f3n de los conflictos geopol\u00edticos a nivel global, as\u00ed como la reciente ley de vivienda, hace que el panorama sea incierto.\u00a0<\/span><\/p>\n<p><span style=\"font-weight: 400;\">Es posible que la econom\u00eda experimente un cierto repunte hacia la segunda mitad del a\u00f1o. Esto podr\u00eda producir un aumento de compraventa de inmueble y una reducci\u00f3n de los tipos de inter\u00e9s, unida a una reducci\u00f3n de las hipotecas. Sin embargo, <\/span><b>la evoluci\u00f3n del precio de la vivienda se desconoce.<\/b><\/p>\n<h2><span style=\"font-weight: 400;\">Precio del alquiler<\/span><\/h2>\n<p><span style=\"font-weight: 400;\">El precio del alquiler es otra de las variables importantes que exponer en lo que se puede esperar del sector inmobiliario este a\u00f1o.\u00a0<\/span><\/p>\n<p><span style=\"font-weight: 400;\">La expectativa es poco alentadora. Expertos apuntan que <\/span><b>los precios del alquiler continuar\u00e1n subiendo, debido a la creciente demanda y la escasa oferta. <\/b><span style=\"font-weight: 400;\">Sin embargo, es posible que el ritmo de crecimiento del precio sea menor.<\/span><\/p>\n<p><span style=\"font-weight: 400;\">La gran demanda de inmueble en alquiler viene motivada por el encarecimiento de las hipotecas, que hace m\u00e1s dif\u00edcil la adquisici\u00f3n de una vivienda en propiedad.\u00a0<\/span><\/p>\n<p><b>Si est\u00e1s pensando en invertir en vivienda<\/b><span style=\"font-weight: 400;\">, en Inversi\u00f3n Renta Vitalicia podr\u00e1s acceder a inmuebles muy por debajo del precio de mercado. Consulta <\/span><a href=\"https:\/\/gruporetiro.com\/inversor\/nuestros-inmuebles\/\"><span style=\"font-weight: 400;\">nuestras ofertas<\/span><\/a><span style=\"font-weight: 400;\"> y encuentra grandes oportunidades.<\/span><\/p>\n<p><img decoding=\"async\" class=\"aligncenter size-large wp-image-12439\" src=\"https:\/\/gruporetiro.com\/inversor\/wp-content\/uploads\/2024\/01\/iStock-1211376954-1024x471.jpg\" alt=\"Precio del alquiler, Inversi\u00f3n Renta Vitalicia\" width=\"828\" height=\"381\" \/><\/p>\n<h2><span style=\"font-weight: 400;\">Vivienda de lujo<\/span><\/h2>\n<p><span style=\"font-weight: 400;\">Al contrario que ocurre con el precio del alquiler,<\/span><b> se espera que 2024 sea un a\u00f1o muy bueno para la vivienda de lujo en Espa\u00f1a.\u00a0<\/b><\/p>\n<p><span style=\"font-weight: 400;\">Cada vez son m\u00e1s los inversores extranjeros que apuestan por el mercado de lujo espa\u00f1ol y deciden hacer sus inversiones inmobiliarias en zonas como Madrid, Barcelona, Mallorca, Alicante, Ibiza o Marbella.\u00a0<\/span><\/p>\n<p><span style=\"font-weight: 400;\">Esto se debe a que estos inversores<\/span><b> no se ven tan afectados por la subida de los precios <\/b><span style=\"font-weight: 400;\">y otros factores financieros. En lugar de ello, prefieren confiar en la calidad de sus inversiones.<\/span><\/p>\n<h2><span style=\"font-weight: 400;\">Sostenibilidad<\/span><\/h2>\n<p><span style=\"font-weight: 400;\">La sostenibilidad <\/span><b>es uno de los factores tendencia <\/b><span style=\"font-weight: 400;\">en el sector inmobiliario este a\u00f1o. Cada vez hay m\u00e1s preocupaci\u00f3n por el ahorro de energ\u00eda, la construcci\u00f3n con materiales ecol\u00f3gicos o la eliminaci\u00f3n de emisiones de carbono.\u00a0<\/span><\/p>\n<p><span style=\"font-weight: 400;\">Estos factores, entre otros, se conocen como criterios medioambientales, sociales y de gobierno corporativo (ESG). De hecho, se espera que estos criterios sean <\/span><b>de obligado cumplimiento<\/b><span style=\"font-weight: 400;\"> para operar en este sector.<\/span><\/p>\n","protected":false},"excerpt":{"rendered":"<p>El sector inmobiliario es un sector cambiante y convulso, y depende de varios factores, como la econom\u00eda. A continuaci\u00f3n, te contamos lo que se puede esperar del sector inmobiliario este a\u00f1o 2024. Veremos varios aspectos relevantes para que tengas una imagen completa de la situaci\u00f3n actual en el \u00e1rea inmobiliaria.<\/p>\n","protected":false},"author":1,"featured_media":12437,"comment_status":"open","ping_status":"open","sticky":false,"template":"","format":"standard","meta":{"_acf_changed":false,"content-type":"","footnotes":""},"categories":[95],"tags":[146],"class_list":["post-12435","post","type-post","status-publish","format-standard","has-post-thumbnail","hentry","category-inmobiliaria","tag-sector-inmobiliario"],"acf":[],"yoast_head":"<!-- This site is optimized with the Yoast SEO plugin v26.9 - https:\/\/yoast.com\/product\/yoast-seo-wordpress\/ -->\n<title>\u00bfQu\u00e9 esperar del sector inmobiliario este a\u00f1o?<\/title>\n<meta name=\"description\" content=\"Te contamos aqu\u00ed lo que debemos esperar del sector inmobiliario este a\u00f1o 2024: expectativas, precio del alquiler y otros aspectos a considerar.\" \/>\n<meta name=\"robots\" content=\"index, follow, max-snippet:-1, max-image-preview:large, max-video-preview:-1\" \/>\n<link rel=\"canonical\" href=\"https:\/\/www.gruporetiro.com\/inversor\/2024\/01\/30\/que-esperar-del-sector-inmobiliario-este-ano\/\" \/>\n<meta property=\"og:locale\" content=\"es_ES\" \/>\n<meta property=\"og:type\" content=\"article\" \/>\n<meta property=\"og:title\" content=\"\u00bfQu\u00e9 esperar del sector inmobiliario este a\u00f1o?\" \/>\n<meta property=\"og:description\" content=\"Te contamos aqu\u00ed lo que debemos esperar del sector inmobiliario este a\u00f1o 2024: expectativas, precio del alquiler y otros aspectos a considerar.\" \/>\n<meta property=\"og:url\" content=\"https:\/\/www.gruporetiro.com\/inversor\/2024\/01\/30\/que-esperar-del-sector-inmobiliario-este-ano\/\" \/>\n<meta property=\"og:site_name\" content=\"Inversi\u00f3n Renta Vitalicia\" \/>\n<meta property=\"article:published_time\" content=\"2024-01-30T10:56:32+00:00\" \/>\n<meta property=\"og:image\" content=\"https:\/\/www.gruporetiro.com\/inversor\/wp-content\/uploads\/2024\/01\/iStock-1331971473-e1706611575822.jpg\" \/>\n\t<meta property=\"og:image:width\" content=\"1200\" \/>\n\t<meta property=\"og:image:height\" content=\"675\" \/>\n\t<meta property=\"og:image:type\" content=\"image\/jpeg\" \/>\n<meta name=\"author\" content=\"admin\" \/>\n<meta name=\"twitter:card\" content=\"summary_large_image\" \/>\n<meta name=\"twitter:label1\" content=\"Escrito por\" \/>\n\t<meta name=\"twitter:data1\" content=\"admin\" \/>\n\t<meta name=\"twitter:label2\" content=\"Tiempo de lectura\" \/>\n\t<meta name=\"twitter:data2\" content=\"2 minutos\" \/>\n<script type=\"application\/ld+json\" class=\"yoast-schema-graph\">{\"@context\":\"https:\/\/schema.org\",\"@graph\":[{\"@type\":\"Article\",\"@id\":\"https:\/\/www.gruporetiro.com\/inversor\/2024\/01\/30\/que-esperar-del-sector-inmobiliario-este-ano\/#article\",\"isPartOf\":{\"@id\":\"https:\/\/www.gruporetiro.com\/inversor\/2024\/01\/30\/que-esperar-del-sector-inmobiliario-este-ano\/\"},\"author\":{\"name\":\"admin\",\"@id\":\"https:\/\/www.gruporetiro.com\/inversor\/#\/schema\/person\/3a5d6cf1d26e0dd5135faf6241d40248\"},\"headline\":\"\u00bfQu\u00e9 esperar del sector inmobiliario este a\u00f1o?\",\"datePublished\":\"2024-01-30T10:56:32+00:00\",\"mainEntityOfPage\":{\"@id\":\"https:\/\/www.gruporetiro.com\/inversor\/2024\/01\/30\/que-esperar-del-sector-inmobiliario-este-ano\/\"},\"wordCount\":456,\"commentCount\":0,\"image\":{\"@id\":\"https:\/\/www.gruporetiro.com\/inversor\/2024\/01\/30\/que-esperar-del-sector-inmobiliario-este-ano\/#primaryimage\"},\"thumbnailUrl\":\"https:\/\/www.gruporetiro.com\/inversor\/wp-content\/uploads\/2024\/01\/iStock-1331971473-e1706611575822.jpg\",\"keywords\":[\"sector inmobiliario\"],\"articleSection\":[\"Inmobiliaria\"],\"inLanguage\":\"es\",\"potentialAction\":[{\"@type\":\"CommentAction\",\"name\":\"Comment\",\"target\":[\"https:\/\/www.gruporetiro.com\/inversor\/2024\/01\/30\/que-esperar-del-sector-inmobiliario-este-ano\/#respond\"]}]},{\"@type\":\"WebPage\",\"@id\":\"https:\/\/www.gruporetiro.com\/inversor\/2024\/01\/30\/que-esperar-del-sector-inmobiliario-este-ano\/\",\"url\":\"https:\/\/www.gruporetiro.com\/inversor\/2024\/01\/30\/que-esperar-del-sector-inmobiliario-este-ano\/\",\"name\":\"\u00bfQu\u00e9 esperar del sector inmobiliario este a\u00f1o?\",\"isPartOf\":{\"@id\":\"https:\/\/www.gruporetiro.com\/inversor\/#website\"},\"primaryImageOfPage\":{\"@id\":\"https:\/\/www.gruporetiro.com\/inversor\/2024\/01\/30\/que-esperar-del-sector-inmobiliario-este-ano\/#primaryimage\"},\"image\":{\"@id\":\"https:\/\/www.gruporetiro.com\/inversor\/2024\/01\/30\/que-esperar-del-sector-inmobiliario-este-ano\/#primaryimage\"},\"thumbnailUrl\":\"https:\/\/www.gruporetiro.com\/inversor\/wp-content\/uploads\/2024\/01\/iStock-1331971473-e1706611575822.jpg\",\"datePublished\":\"2024-01-30T10:56:32+00:00\",\"author\":{\"@id\":\"https:\/\/www.gruporetiro.com\/inversor\/#\/schema\/person\/3a5d6cf1d26e0dd5135faf6241d40248\"},\"description\":\"Te contamos aqu\u00ed lo que debemos esperar del sector inmobiliario este a\u00f1o 2024: expectativas, precio del alquiler y otros aspectos a considerar.\",\"breadcrumb\":{\"@id\":\"https:\/\/www.gruporetiro.com\/inversor\/2024\/01\/30\/que-esperar-del-sector-inmobiliario-este-ano\/#breadcrumb\"},\"inLanguage\":\"es\",\"potentialAction\":[{\"@type\":\"ReadAction\",\"target\":[\"https:\/\/www.gruporetiro.com\/inversor\/2024\/01\/30\/que-esperar-del-sector-inmobiliario-este-ano\/\"]}]},{\"@type\":\"ImageObject\",\"inLanguage\":\"es\",\"@id\":\"https:\/\/www.gruporetiro.com\/inversor\/2024\/01\/30\/que-esperar-del-sector-inmobiliario-este-ano\/#primaryimage\",\"url\":\"https:\/\/www.gruporetiro.com\/inversor\/wp-content\/uploads\/2024\/01\/iStock-1331971473-e1706611575822.jpg\",\"contentUrl\":\"https:\/\/www.gruporetiro.com\/inversor\/wp-content\/uploads\/2024\/01\/iStock-1331971473-e1706611575822.jpg\",\"width\":1200,\"height\":675,\"caption\":\"Qu\u00e9 esperar del sector inmobiliario este a\u00f1o, Inversi\u00f3n Renta Vitalicia\"},{\"@type\":\"BreadcrumbList\",\"@id\":\"https:\/\/www.gruporetiro.com\/inversor\/2024\/01\/30\/que-esperar-del-sector-inmobiliario-este-ano\/#breadcrumb\",\"itemListElement\":[{\"@type\":\"ListItem\",\"position\":1,\"name\":\"Portada\",\"item\":\"https:\/\/www.gruporetiro.com\/inversor\/\"},{\"@type\":\"ListItem\",\"position\":2,\"name\":\"\u00bfQu\u00e9 esperar del sector inmobiliario este a\u00f1o?\"}]},{\"@type\":\"WebSite\",\"@id\":\"https:\/\/www.gruporetiro.com\/inversor\/#website\",\"url\":\"https:\/\/www.gruporetiro.com\/inversor\/\",\"name\":\"Inversi\u00f3n Renta Vitalicia\",\"description\":\"\",\"potentialAction\":[{\"@type\":\"SearchAction\",\"target\":{\"@type\":\"EntryPoint\",\"urlTemplate\":\"https:\/\/www.gruporetiro.com\/inversor\/?s={search_term_string}\"},\"query-input\":{\"@type\":\"PropertyValueSpecification\",\"valueRequired\":true,\"valueName\":\"search_term_string\"}}],\"inLanguage\":\"es\"},{\"@type\":\"Person\",\"@id\":\"https:\/\/www.gruporetiro.com\/inversor\/#\/schema\/person\/3a5d6cf1d26e0dd5135faf6241d40248\",\"name\":\"admin\",\"image\":{\"@type\":\"ImageObject\",\"inLanguage\":\"es\",\"@id\":\"https:\/\/www.gruporetiro.com\/inversor\/#\/schema\/person\/image\/\",\"url\":\"https:\/\/secure.gravatar.com\/avatar\/c7afa5962b5f1557592c6cbc45b6b19f538bc0ea853d455320f793b58050f0b8?s=96&d=mm&r=g\",\"contentUrl\":\"https:\/\/secure.gravatar.com\/avatar\/c7afa5962b5f1557592c6cbc45b6b19f538bc0ea853d455320f793b58050f0b8?s=96&d=mm&r=g\",\"caption\":\"admin\"},\"sameAs\":[\"https:\/\/gruporetiro.com\/inversor\"],\"url\":\"https:\/\/www.gruporetiro.com\/inversor\/author\/admin\/\"}]}<\/script>\n<!-- \/ Yoast SEO plugin. -->","yoast_head_json":{"title":"\u00bfQu\u00e9 esperar del sector inmobiliario este a\u00f1o?","description":"Te contamos aqu\u00ed lo que debemos esperar del sector inmobiliario este a\u00f1o 2024: expectativas, precio del alquiler y otros aspectos a considerar.","robots":{"index":"index","follow":"follow","max-snippet":"max-snippet:-1","max-image-preview":"max-image-preview:large","max-video-preview":"max-video-preview:-1"},"canonical":"https:\/\/www.gruporetiro.com\/inversor\/2024\/01\/30\/que-esperar-del-sector-inmobiliario-este-ano\/","og_locale":"es_ES","og_type":"article","og_title":"\u00bfQu\u00e9 esperar del sector inmobiliario este a\u00f1o?","og_description":"Te contamos aqu\u00ed lo que debemos esperar del sector inmobiliario este a\u00f1o 2024: expectativas, precio del alquiler y otros aspectos a considerar.","og_url":"https:\/\/www.gruporetiro.com\/inversor\/2024\/01\/30\/que-esperar-del-sector-inmobiliario-este-ano\/","og_site_name":"Inversi\u00f3n Renta Vitalicia","article_published_time":"2024-01-30T10:56:32+00:00","og_image":[{"width":1200,"height":675,"url":"https:\/\/www.gruporetiro.com\/inversor\/wp-content\/uploads\/2024\/01\/iStock-1331971473-e1706611575822.jpg","type":"image\/jpeg"}],"author":"admin","twitter_card":"summary_large_image","twitter_misc":{"Escrito por":"admin","Tiempo de lectura":"2 minutos"},"schema":{"@context":"https:\/\/schema.org","@graph":[{"@type":"Article","@id":"https:\/\/www.gruporetiro.com\/inversor\/2024\/01\/30\/que-esperar-del-sector-inmobiliario-este-ano\/#article","isPartOf":{"@id":"https:\/\/www.gruporetiro.com\/inversor\/2024\/01\/30\/que-esperar-del-sector-inmobiliario-este-ano\/"},"author":{"name":"admin","@id":"https:\/\/www.gruporetiro.com\/inversor\/#\/schema\/person\/3a5d6cf1d26e0dd5135faf6241d40248"},"headline":"\u00bfQu\u00e9 esperar del sector inmobiliario este a\u00f1o?","datePublished":"2024-01-30T10:56:32+00:00","mainEntityOfPage":{"@id":"https:\/\/www.gruporetiro.com\/inversor\/2024\/01\/30\/que-esperar-del-sector-inmobiliario-este-ano\/"},"wordCount":456,"commentCount":0,"image":{"@id":"https:\/\/www.gruporetiro.com\/inversor\/2024\/01\/30\/que-esperar-del-sector-inmobiliario-este-ano\/#primaryimage"},"thumbnailUrl":"https:\/\/www.gruporetiro.com\/inversor\/wp-content\/uploads\/2024\/01\/iStock-1331971473-e1706611575822.jpg","keywords":["sector inmobiliario"],"articleSection":["Inmobiliaria"],"inLanguage":"es","potentialAction":[{"@type":"CommentAction","name":"Comment","target":["https:\/\/www.gruporetiro.com\/inversor\/2024\/01\/30\/que-esperar-del-sector-inmobiliario-este-ano\/#respond"]}]},{"@type":"WebPage","@id":"https:\/\/www.gruporetiro.com\/inversor\/2024\/01\/30\/que-esperar-del-sector-inmobiliario-este-ano\/","url":"https:\/\/www.gruporetiro.com\/inversor\/2024\/01\/30\/que-esperar-del-sector-inmobiliario-este-ano\/","name":"\u00bfQu\u00e9 esperar del sector inmobiliario este a\u00f1o?","isPartOf":{"@id":"https:\/\/www.gruporetiro.com\/inversor\/#website"},"primaryImageOfPage":{"@id":"https:\/\/www.gruporetiro.com\/inversor\/2024\/01\/30\/que-esperar-del-sector-inmobiliario-este-ano\/#primaryimage"},"image":{"@id":"https:\/\/www.gruporetiro.com\/inversor\/2024\/01\/30\/que-esperar-del-sector-inmobiliario-este-ano\/#primaryimage"},"thumbnailUrl":"https:\/\/www.gruporetiro.com\/inversor\/wp-content\/uploads\/2024\/01\/iStock-1331971473-e1706611575822.jpg","datePublished":"2024-01-30T10:56:32+00:00","author":{"@id":"https:\/\/www.gruporetiro.com\/inversor\/#\/schema\/person\/3a5d6cf1d26e0dd5135faf6241d40248"},"description":"Te contamos aqu\u00ed lo que debemos esperar del sector inmobiliario este a\u00f1o 2024: expectativas, precio del alquiler y otros aspectos a considerar.","breadcrumb":{"@id":"https:\/\/www.gruporetiro.com\/inversor\/2024\/01\/30\/que-esperar-del-sector-inmobiliario-este-ano\/#breadcrumb"},"inLanguage":"es","potentialAction":[{"@type":"ReadAction","target":["https:\/\/www.gruporetiro.com\/inversor\/2024\/01\/30\/que-esperar-del-sector-inmobiliario-este-ano\/"]}]},{"@type":"ImageObject","inLanguage":"es","@id":"https:\/\/www.gruporetiro.com\/inversor\/2024\/01\/30\/que-esperar-del-sector-inmobiliario-este-ano\/#primaryimage","url":"https:\/\/www.gruporetiro.com\/inversor\/wp-content\/uploads\/2024\/01\/iStock-1331971473-e1706611575822.jpg","contentUrl":"https:\/\/www.gruporetiro.com\/inversor\/wp-content\/uploads\/2024\/01\/iStock-1331971473-e1706611575822.jpg","width":1200,"height":675,"caption":"Qu\u00e9 esperar del sector inmobiliario este a\u00f1o, Inversi\u00f3n Renta Vitalicia"},{"@type":"BreadcrumbList","@id":"https:\/\/www.gruporetiro.com\/inversor\/2024\/01\/30\/que-esperar-del-sector-inmobiliario-este-ano\/#breadcrumb","itemListElement":[{"@type":"ListItem","position":1,"name":"Portada","item":"https:\/\/www.gruporetiro.com\/inversor\/"},{"@type":"ListItem","position":2,"name":"\u00bfQu\u00e9 esperar del sector inmobiliario este a\u00f1o?"}]},{"@type":"WebSite","@id":"https:\/\/www.gruporetiro.com\/inversor\/#website","url":"https:\/\/www.gruporetiro.com\/inversor\/","name":"Inversi\u00f3n Renta Vitalicia","description":"","potentialAction":[{"@type":"SearchAction","target":{"@type":"EntryPoint","urlTemplate":"https:\/\/www.gruporetiro.com\/inversor\/?s={search_term_string}"},"query-input":{"@type":"PropertyValueSpecification","valueRequired":true,"valueName":"search_term_string"}}],"inLanguage":"es"},{"@type":"Person","@id":"https:\/\/www.gruporetiro.com\/inversor\/#\/schema\/person\/3a5d6cf1d26e0dd5135faf6241d40248","name":"admin","image":{"@type":"ImageObject","inLanguage":"es","@id":"https:\/\/www.gruporetiro.com\/inversor\/#\/schema\/person\/image\/","url":"https:\/\/secure.gravatar.com\/avatar\/c7afa5962b5f1557592c6cbc45b6b19f538bc0ea853d455320f793b58050f0b8?s=96&d=mm&r=g","contentUrl":"https:\/\/secure.gravatar.com\/avatar\/c7afa5962b5f1557592c6cbc45b6b19f538bc0ea853d455320f793b58050f0b8?s=96&d=mm&r=g","caption":"admin"},"sameAs":["https:\/\/gruporetiro.com\/inversor"],"url":"https:\/\/www.gruporetiro.com\/inversor\/author\/admin\/"}]}},"_links":{"self":[{"href":"https:\/\/www.gruporetiro.com\/inversor\/wp-json\/wp\/v2\/posts\/12435","targetHints":{"allow":["GET"]}}],"collection":[{"href":"https:\/\/www.gruporetiro.com\/inversor\/wp-json\/wp\/v2\/posts"}],"about":[{"href":"https:\/\/www.gruporetiro.com\/inversor\/wp-json\/wp\/v2\/types\/post"}],"author":[{"embeddable":true,"href":"https:\/\/www.gruporetiro.com\/inversor\/wp-json\/wp\/v2\/users\/1"}],"replies":[{"embeddable":true,"href":"https:\/\/www.gruporetiro.com\/inversor\/wp-json\/wp\/v2\/comments?post=12435"}],"version-history":[{"count":0,"href":"https:\/\/www.gruporetiro.com\/inversor\/wp-json\/wp\/v2\/posts\/12435\/revisions"}],"wp:featuredmedia":[{"embeddable":true,"href":"https:\/\/www.gruporetiro.com\/inversor\/wp-json\/wp\/v2\/media\/12437"}],"wp:attachment":[{"href":"https:\/\/www.gruporetiro.com\/inversor\/wp-json\/wp\/v2\/media?parent=12435"}],"wp:term":[{"taxonomy":"category","embeddable":true,"href":"https:\/\/www.gruporetiro.com\/inversor\/wp-json\/wp\/v2\/categories?post=12435"},{"taxonomy":"post_tag","embeddable":true,"href":"https:\/\/www.gruporetiro.com\/inversor\/wp-json\/wp\/v2\/tags?post=12435"}],"curies":[{"name":"wp","href":"https:\/\/api.w.org\/{rel}","templated":true}]}}