{"id":5447,"date":"2013-11-21T18:11:18","date_gmt":"2013-11-21T18:11:18","guid":{"rendered":"http:\/\/inrevi.enrique-sancho.com\/?p=5447"},"modified":"2013-11-21T18:11:18","modified_gmt":"2013-11-21T18:11:18","slug":"antonio-brufau-cree-que-espana-esta-saliendo-de-la-crisis-es-la-realidad-o-solo-una-opinion","status":"publish","type":"post","link":"https:\/\/www.gruporetiro.com\/inversor\/2013\/11\/21\/antonio-brufau-cree-que-espana-esta-saliendo-de-la-crisis-es-la-realidad-o-solo-una-opinion\/","title":{"rendered":"Antonio Brufau cree que Espa\u00f1a est\u00e1 saliendo de la crisis, \u00bfes la realidad o solo una opini\u00f3n?"},"content":{"rendered":"<p>El Presidente de Repsol <strong>Antonio Brufau<\/strong> se ha sumado a la opini\u00f3n de otros dirigentes empresariales, como Emilio Bot\u00edn (Santanter), a la opini\u00f3n de que Espa\u00f1a est\u00e1<strong> saliendo de la crisis<\/strong>, y que su compa\u00f1\u00eda empieza a notar en las gasolineras.<\/p>\n<p>Seg\u00fan ha declarado Antonio Brufau: \u201cLa<strong> econom\u00eda espa\u00f1ola<\/strong> est\u00e1 saliendo de la crisis. Eso no lo duda nadie. Ahora, la duda es \u00bfa qu\u00e9 velocidad vamos a salir del t\u00fanel?, porque la velocidad es clave para la generaci\u00f3n de empleo\u201d. Esta opini\u00f3n se basa en gran medida en los datos que la propia <strong>Repsol<\/strong> recoge en sus estaciones de servicio, donde \u201cpor primera vez en cuatro a\u00f1os\u201d est\u00e1 aumentando la venta de combustible.<\/p>\n<p><strong>El Presidente de Repsol<\/strong>, ha defendido que \u201clas empresas han hecho su trabajo con esfuerzos en competitividad muy importantes\u201d por parte de sus propietarios y de sus plantillas, opinando que posiblemente quede algo de ajuste que hacer en el<strong> sector p\u00fablico<\/strong>, aunque ya se ha acometido reformas \u201cque est\u00e1n dando sus frutos\u201d.<\/p>\n","protected":false},"excerpt":{"rendered":"<p>El Presidente de Repsol Antonio Brufau se ha sumado a la opini\u00f3n de otros dirigentes empresariales, como Emilio Bot\u00edn (Santanter), a la opini\u00f3n de que Espa\u00f1a est\u00e1 saliendo de la crisis, y que su compa\u00f1\u00eda empieza a notar en las gasolineras. Seg\u00fan ha declarado Antonio Brufau: \u201cLa econom\u00eda espa\u00f1ola est\u00e1 saliendo de la crisis. Eso [&hellip;]<\/p>\n","protected":false},"author":1,"featured_media":5431,"comment_status":"closed","ping_status":"open","sticky":false,"template":"","format":"standard","meta":{"_acf_changed":false,"content-type":"","footnotes":""},"categories":[94],"tags":[],"class_list":["post-5447","post","type-post","status-publish","format-standard","has-post-thumbnail","hentry","category-economia"],"acf":[],"yoast_head":"<!-- This site is optimized with the Yoast SEO plugin v26.9 - https:\/\/yoast.com\/product\/yoast-seo-wordpress\/ -->\n<title>Antonio Brufau cree que Espa\u00f1a est\u00e1 saliendo de la crisis, \u00bfes la realidad o solo una opini\u00f3n? - Inversi\u00f3n Renta Vitalicia<\/title>\n<meta name=\"robots\" content=\"index, follow, max-snippet:-1, max-image-preview:large, max-video-preview:-1\" \/>\n<link rel=\"canonical\" href=\"https:\/\/www.gruporetiro.com\/inversor\/2013\/11\/21\/antonio-brufau-cree-que-espana-esta-saliendo-de-la-crisis-es-la-realidad-o-solo-una-opinion\/\" \/>\n<meta property=\"og:locale\" content=\"es_ES\" \/>\n<meta property=\"og:type\" content=\"article\" \/>\n<meta property=\"og:title\" content=\"Antonio Brufau cree que Espa\u00f1a est\u00e1 saliendo de la crisis, \u00bfes la realidad o solo una opini\u00f3n? - Inversi\u00f3n Renta Vitalicia\" \/>\n<meta property=\"og:description\" content=\"El Presidente de Repsol Antonio Brufau se ha sumado a la opini\u00f3n de otros dirigentes empresariales, como Emilio Bot\u00edn (Santanter), a la opini\u00f3n de que Espa\u00f1a est\u00e1 saliendo de la crisis, y que su compa\u00f1\u00eda empieza a notar en las gasolineras. Seg\u00fan ha declarado Antonio Brufau: \u201cLa econom\u00eda espa\u00f1ola est\u00e1 saliendo de la crisis. Eso [&hellip;]\" \/>\n<meta property=\"og:url\" content=\"https:\/\/www.gruporetiro.com\/inversor\/2013\/11\/21\/antonio-brufau-cree-que-espana-esta-saliendo-de-la-crisis-es-la-realidad-o-solo-una-opinion\/\" \/>\n<meta property=\"og:site_name\" content=\"Inversi\u00f3n Renta Vitalicia\" \/>\n<meta property=\"article:published_time\" content=\"2013-11-21T18:11:18+00:00\" \/>\n<meta property=\"og:image\" content=\"https:\/\/www.gruporetiro.com\/inversor\/wp-content\/uploads\/2021\/05\/antonio-brufau-repsol.jpg\" \/>\n\t<meta property=\"og:image:width\" content=\"320\" \/>\n\t<meta property=\"og:image:height\" content=\"180\" \/>\n\t<meta property=\"og:image:type\" content=\"image\/jpeg\" \/>\n<meta name=\"author\" content=\"admin\" \/>\n<meta name=\"twitter:card\" content=\"summary_large_image\" \/>\n<meta name=\"twitter:label1\" content=\"Escrito por\" \/>\n\t<meta name=\"twitter:data1\" content=\"admin\" \/>\n\t<meta name=\"twitter:label2\" content=\"Tiempo de lectura\" \/>\n\t<meta name=\"twitter:data2\" content=\"1 minuto\" \/>\n<script type=\"application\/ld+json\" class=\"yoast-schema-graph\">{\"@context\":\"https:\/\/schema.org\",\"@graph\":[{\"@type\":\"Article\",\"@id\":\"https:\/\/www.gruporetiro.com\/inversor\/2013\/11\/21\/antonio-brufau-cree-que-espana-esta-saliendo-de-la-crisis-es-la-realidad-o-solo-una-opinion\/#article\",\"isPartOf\":{\"@id\":\"https:\/\/www.gruporetiro.com\/inversor\/2013\/11\/21\/antonio-brufau-cree-que-espana-esta-saliendo-de-la-crisis-es-la-realidad-o-solo-una-opinion\/\"},\"author\":{\"name\":\"admin\",\"@id\":\"https:\/\/www.gruporetiro.com\/inversor\/#\/schema\/person\/3a5d6cf1d26e0dd5135faf6241d40248\"},\"headline\":\"Antonio Brufau cree que Espa\u00f1a est\u00e1 saliendo de la crisis, \u00bfes la realidad o solo una opini\u00f3n?\",\"datePublished\":\"2013-11-21T18:11:18+00:00\",\"mainEntityOfPage\":{\"@id\":\"https:\/\/www.gruporetiro.com\/inversor\/2013\/11\/21\/antonio-brufau-cree-que-espana-esta-saliendo-de-la-crisis-es-la-realidad-o-solo-una-opinion\/\"},\"wordCount\":199,\"image\":{\"@id\":\"https:\/\/www.gruporetiro.com\/inversor\/2013\/11\/21\/antonio-brufau-cree-que-espana-esta-saliendo-de-la-crisis-es-la-realidad-o-solo-una-opinion\/#primaryimage\"},\"thumbnailUrl\":\"https:\/\/www.gruporetiro.com\/inversor\/wp-content\/uploads\/2021\/05\/antonio-brufau-repsol.jpg\",\"articleSection\":[\"Econom\u00eda\"],\"inLanguage\":\"es\"},{\"@type\":\"WebPage\",\"@id\":\"https:\/\/www.gruporetiro.com\/inversor\/2013\/11\/21\/antonio-brufau-cree-que-espana-esta-saliendo-de-la-crisis-es-la-realidad-o-solo-una-opinion\/\",\"url\":\"https:\/\/www.gruporetiro.com\/inversor\/2013\/11\/21\/antonio-brufau-cree-que-espana-esta-saliendo-de-la-crisis-es-la-realidad-o-solo-una-opinion\/\",\"name\":\"Antonio Brufau cree que Espa\u00f1a est\u00e1 saliendo de la crisis, \u00bfes la realidad o solo una opini\u00f3n? - Inversi\u00f3n Renta Vitalicia\",\"isPartOf\":{\"@id\":\"https:\/\/www.gruporetiro.com\/inversor\/#website\"},\"primaryImageOfPage\":{\"@id\":\"https:\/\/www.gruporetiro.com\/inversor\/2013\/11\/21\/antonio-brufau-cree-que-espana-esta-saliendo-de-la-crisis-es-la-realidad-o-solo-una-opinion\/#primaryimage\"},\"image\":{\"@id\":\"https:\/\/www.gruporetiro.com\/inversor\/2013\/11\/21\/antonio-brufau-cree-que-espana-esta-saliendo-de-la-crisis-es-la-realidad-o-solo-una-opinion\/#primaryimage\"},\"thumbnailUrl\":\"https:\/\/www.gruporetiro.com\/inversor\/wp-content\/uploads\/2021\/05\/antonio-brufau-repsol.jpg\",\"datePublished\":\"2013-11-21T18:11:18+00:00\",\"author\":{\"@id\":\"https:\/\/www.gruporetiro.com\/inversor\/#\/schema\/person\/3a5d6cf1d26e0dd5135faf6241d40248\"},\"breadcrumb\":{\"@id\":\"https:\/\/www.gruporetiro.com\/inversor\/2013\/11\/21\/antonio-brufau-cree-que-espana-esta-saliendo-de-la-crisis-es-la-realidad-o-solo-una-opinion\/#breadcrumb\"},\"inLanguage\":\"es\",\"potentialAction\":[{\"@type\":\"ReadAction\",\"target\":[\"https:\/\/www.gruporetiro.com\/inversor\/2013\/11\/21\/antonio-brufau-cree-que-espana-esta-saliendo-de-la-crisis-es-la-realidad-o-solo-una-opinion\/\"]}]},{\"@type\":\"ImageObject\",\"inLanguage\":\"es\",\"@id\":\"https:\/\/www.gruporetiro.com\/inversor\/2013\/11\/21\/antonio-brufau-cree-que-espana-esta-saliendo-de-la-crisis-es-la-realidad-o-solo-una-opinion\/#primaryimage\",\"url\":\"https:\/\/www.gruporetiro.com\/inversor\/wp-content\/uploads\/2021\/05\/antonio-brufau-repsol.jpg\",\"contentUrl\":\"https:\/\/www.gruporetiro.com\/inversor\/wp-content\/uploads\/2021\/05\/antonio-brufau-repsol.jpg\",\"width\":320,\"height\":180},{\"@type\":\"BreadcrumbList\",\"@id\":\"https:\/\/www.gruporetiro.com\/inversor\/2013\/11\/21\/antonio-brufau-cree-que-espana-esta-saliendo-de-la-crisis-es-la-realidad-o-solo-una-opinion\/#breadcrumb\",\"itemListElement\":[{\"@type\":\"ListItem\",\"position\":1,\"name\":\"Portada\",\"item\":\"https:\/\/www.gruporetiro.com\/inversor\/\"},{\"@type\":\"ListItem\",\"position\":2,\"name\":\"Antonio Brufau cree que Espa\u00f1a est\u00e1 saliendo de la crisis, \u00bfes la realidad o solo una opini\u00f3n?\"}]},{\"@type\":\"WebSite\",\"@id\":\"https:\/\/www.gruporetiro.com\/inversor\/#website\",\"url\":\"https:\/\/www.gruporetiro.com\/inversor\/\",\"name\":\"Inversi\u00f3n Renta Vitalicia\",\"description\":\"\",\"potentialAction\":[{\"@type\":\"SearchAction\",\"target\":{\"@type\":\"EntryPoint\",\"urlTemplate\":\"https:\/\/www.gruporetiro.com\/inversor\/?s={search_term_string}\"},\"query-input\":{\"@type\":\"PropertyValueSpecification\",\"valueRequired\":true,\"valueName\":\"search_term_string\"}}],\"inLanguage\":\"es\"},{\"@type\":\"Person\",\"@id\":\"https:\/\/www.gruporetiro.com\/inversor\/#\/schema\/person\/3a5d6cf1d26e0dd5135faf6241d40248\",\"name\":\"admin\",\"image\":{\"@type\":\"ImageObject\",\"inLanguage\":\"es\",\"@id\":\"https:\/\/www.gruporetiro.com\/inversor\/#\/schema\/person\/image\/\",\"url\":\"https:\/\/secure.gravatar.com\/avatar\/c7afa5962b5f1557592c6cbc45b6b19f538bc0ea853d455320f793b58050f0b8?s=96&d=mm&r=g\",\"contentUrl\":\"https:\/\/secure.gravatar.com\/avatar\/c7afa5962b5f1557592c6cbc45b6b19f538bc0ea853d455320f793b58050f0b8?s=96&d=mm&r=g\",\"caption\":\"admin\"},\"sameAs\":[\"https:\/\/gruporetiro.com\/inversor\"],\"url\":\"https:\/\/www.gruporetiro.com\/inversor\/author\/admin\/\"}]}<\/script>\n<!-- \/ Yoast SEO plugin. -->","yoast_head_json":{"title":"Antonio Brufau cree que Espa\u00f1a est\u00e1 saliendo de la crisis, \u00bfes la realidad o solo una opini\u00f3n? - Inversi\u00f3n Renta Vitalicia","robots":{"index":"index","follow":"follow","max-snippet":"max-snippet:-1","max-image-preview":"max-image-preview:large","max-video-preview":"max-video-preview:-1"},"canonical":"https:\/\/www.gruporetiro.com\/inversor\/2013\/11\/21\/antonio-brufau-cree-que-espana-esta-saliendo-de-la-crisis-es-la-realidad-o-solo-una-opinion\/","og_locale":"es_ES","og_type":"article","og_title":"Antonio Brufau cree que Espa\u00f1a est\u00e1 saliendo de la crisis, \u00bfes la realidad o solo una opini\u00f3n? - Inversi\u00f3n Renta Vitalicia","og_description":"El Presidente de Repsol Antonio Brufau se ha sumado a la opini\u00f3n de otros dirigentes empresariales, como Emilio Bot\u00edn (Santanter), a la opini\u00f3n de que Espa\u00f1a est\u00e1 saliendo de la crisis, y que su compa\u00f1\u00eda empieza a notar en las gasolineras. Seg\u00fan ha declarado Antonio Brufau: \u201cLa econom\u00eda espa\u00f1ola est\u00e1 saliendo de la crisis. Eso [&hellip;]","og_url":"https:\/\/www.gruporetiro.com\/inversor\/2013\/11\/21\/antonio-brufau-cree-que-espana-esta-saliendo-de-la-crisis-es-la-realidad-o-solo-una-opinion\/","og_site_name":"Inversi\u00f3n Renta Vitalicia","article_published_time":"2013-11-21T18:11:18+00:00","og_image":[{"width":320,"height":180,"url":"https:\/\/www.gruporetiro.com\/inversor\/wp-content\/uploads\/2021\/05\/antonio-brufau-repsol.jpg","type":"image\/jpeg"}],"author":"admin","twitter_card":"summary_large_image","twitter_misc":{"Escrito por":"admin","Tiempo de lectura":"1 minuto"},"schema":{"@context":"https:\/\/schema.org","@graph":[{"@type":"Article","@id":"https:\/\/www.gruporetiro.com\/inversor\/2013\/11\/21\/antonio-brufau-cree-que-espana-esta-saliendo-de-la-crisis-es-la-realidad-o-solo-una-opinion\/#article","isPartOf":{"@id":"https:\/\/www.gruporetiro.com\/inversor\/2013\/11\/21\/antonio-brufau-cree-que-espana-esta-saliendo-de-la-crisis-es-la-realidad-o-solo-una-opinion\/"},"author":{"name":"admin","@id":"https:\/\/www.gruporetiro.com\/inversor\/#\/schema\/person\/3a5d6cf1d26e0dd5135faf6241d40248"},"headline":"Antonio Brufau cree que Espa\u00f1a est\u00e1 saliendo de la crisis, \u00bfes la realidad o solo una opini\u00f3n?","datePublished":"2013-11-21T18:11:18+00:00","mainEntityOfPage":{"@id":"https:\/\/www.gruporetiro.com\/inversor\/2013\/11\/21\/antonio-brufau-cree-que-espana-esta-saliendo-de-la-crisis-es-la-realidad-o-solo-una-opinion\/"},"wordCount":199,"image":{"@id":"https:\/\/www.gruporetiro.com\/inversor\/2013\/11\/21\/antonio-brufau-cree-que-espana-esta-saliendo-de-la-crisis-es-la-realidad-o-solo-una-opinion\/#primaryimage"},"thumbnailUrl":"https:\/\/www.gruporetiro.com\/inversor\/wp-content\/uploads\/2021\/05\/antonio-brufau-repsol.jpg","articleSection":["Econom\u00eda"],"inLanguage":"es"},{"@type":"WebPage","@id":"https:\/\/www.gruporetiro.com\/inversor\/2013\/11\/21\/antonio-brufau-cree-que-espana-esta-saliendo-de-la-crisis-es-la-realidad-o-solo-una-opinion\/","url":"https:\/\/www.gruporetiro.com\/inversor\/2013\/11\/21\/antonio-brufau-cree-que-espana-esta-saliendo-de-la-crisis-es-la-realidad-o-solo-una-opinion\/","name":"Antonio Brufau cree que Espa\u00f1a est\u00e1 saliendo de la crisis, \u00bfes la realidad o solo una opini\u00f3n? - Inversi\u00f3n Renta Vitalicia","isPartOf":{"@id":"https:\/\/www.gruporetiro.com\/inversor\/#website"},"primaryImageOfPage":{"@id":"https:\/\/www.gruporetiro.com\/inversor\/2013\/11\/21\/antonio-brufau-cree-que-espana-esta-saliendo-de-la-crisis-es-la-realidad-o-solo-una-opinion\/#primaryimage"},"image":{"@id":"https:\/\/www.gruporetiro.com\/inversor\/2013\/11\/21\/antonio-brufau-cree-que-espana-esta-saliendo-de-la-crisis-es-la-realidad-o-solo-una-opinion\/#primaryimage"},"thumbnailUrl":"https:\/\/www.gruporetiro.com\/inversor\/wp-content\/uploads\/2021\/05\/antonio-brufau-repsol.jpg","datePublished":"2013-11-21T18:11:18+00:00","author":{"@id":"https:\/\/www.gruporetiro.com\/inversor\/#\/schema\/person\/3a5d6cf1d26e0dd5135faf6241d40248"},"breadcrumb":{"@id":"https:\/\/www.gruporetiro.com\/inversor\/2013\/11\/21\/antonio-brufau-cree-que-espana-esta-saliendo-de-la-crisis-es-la-realidad-o-solo-una-opinion\/#breadcrumb"},"inLanguage":"es","potentialAction":[{"@type":"ReadAction","target":["https:\/\/www.gruporetiro.com\/inversor\/2013\/11\/21\/antonio-brufau-cree-que-espana-esta-saliendo-de-la-crisis-es-la-realidad-o-solo-una-opinion\/"]}]},{"@type":"ImageObject","inLanguage":"es","@id":"https:\/\/www.gruporetiro.com\/inversor\/2013\/11\/21\/antonio-brufau-cree-que-espana-esta-saliendo-de-la-crisis-es-la-realidad-o-solo-una-opinion\/#primaryimage","url":"https:\/\/www.gruporetiro.com\/inversor\/wp-content\/uploads\/2021\/05\/antonio-brufau-repsol.jpg","contentUrl":"https:\/\/www.gruporetiro.com\/inversor\/wp-content\/uploads\/2021\/05\/antonio-brufau-repsol.jpg","width":320,"height":180},{"@type":"BreadcrumbList","@id":"https:\/\/www.gruporetiro.com\/inversor\/2013\/11\/21\/antonio-brufau-cree-que-espana-esta-saliendo-de-la-crisis-es-la-realidad-o-solo-una-opinion\/#breadcrumb","itemListElement":[{"@type":"ListItem","position":1,"name":"Portada","item":"https:\/\/www.gruporetiro.com\/inversor\/"},{"@type":"ListItem","position":2,"name":"Antonio Brufau cree que Espa\u00f1a est\u00e1 saliendo de la crisis, \u00bfes la realidad o solo una opini\u00f3n?"}]},{"@type":"WebSite","@id":"https:\/\/www.gruporetiro.com\/inversor\/#website","url":"https:\/\/www.gruporetiro.com\/inversor\/","name":"Inversi\u00f3n Renta Vitalicia","description":"","potentialAction":[{"@type":"SearchAction","target":{"@type":"EntryPoint","urlTemplate":"https:\/\/www.gruporetiro.com\/inversor\/?s={search_term_string}"},"query-input":{"@type":"PropertyValueSpecification","valueRequired":true,"valueName":"search_term_string"}}],"inLanguage":"es"},{"@type":"Person","@id":"https:\/\/www.gruporetiro.com\/inversor\/#\/schema\/person\/3a5d6cf1d26e0dd5135faf6241d40248","name":"admin","image":{"@type":"ImageObject","inLanguage":"es","@id":"https:\/\/www.gruporetiro.com\/inversor\/#\/schema\/person\/image\/","url":"https:\/\/secure.gravatar.com\/avatar\/c7afa5962b5f1557592c6cbc45b6b19f538bc0ea853d455320f793b58050f0b8?s=96&d=mm&r=g","contentUrl":"https:\/\/secure.gravatar.com\/avatar\/c7afa5962b5f1557592c6cbc45b6b19f538bc0ea853d455320f793b58050f0b8?s=96&d=mm&r=g","caption":"admin"},"sameAs":["https:\/\/gruporetiro.com\/inversor"],"url":"https:\/\/www.gruporetiro.com\/inversor\/author\/admin\/"}]}},"_links":{"self":[{"href":"https:\/\/www.gruporetiro.com\/inversor\/wp-json\/wp\/v2\/posts\/5447","targetHints":{"allow":["GET"]}}],"collection":[{"href":"https:\/\/www.gruporetiro.com\/inversor\/wp-json\/wp\/v2\/posts"}],"about":[{"href":"https:\/\/www.gruporetiro.com\/inversor\/wp-json\/wp\/v2\/types\/post"}],"author":[{"embeddable":true,"href":"https:\/\/www.gruporetiro.com\/inversor\/wp-json\/wp\/v2\/users\/1"}],"replies":[{"embeddable":true,"href":"https:\/\/www.gruporetiro.com\/inversor\/wp-json\/wp\/v2\/comments?post=5447"}],"version-history":[{"count":0,"href":"https:\/\/www.gruporetiro.com\/inversor\/wp-json\/wp\/v2\/posts\/5447\/revisions"}],"wp:featuredmedia":[{"embeddable":true,"href":"https:\/\/www.gruporetiro.com\/inversor\/wp-json\/wp\/v2\/media\/5431"}],"wp:attachment":[{"href":"https:\/\/www.gruporetiro.com\/inversor\/wp-json\/wp\/v2\/media?parent=5447"}],"wp:term":[{"taxonomy":"category","embeddable":true,"href":"https:\/\/www.gruporetiro.com\/inversor\/wp-json\/wp\/v2\/categories?post=5447"},{"taxonomy":"post_tag","embeddable":true,"href":"https:\/\/www.gruporetiro.com\/inversor\/wp-json\/wp\/v2\/tags?post=5447"}],"curies":[{"name":"wp","href":"https:\/\/api.w.org\/{rel}","templated":true}]}}