{"id":5453,"date":"2014-01-29T18:16:06","date_gmt":"2014-01-29T18:16:06","guid":{"rendered":"http:\/\/inrevi.enrique-sancho.com\/?p=5453"},"modified":"2014-01-29T18:16:06","modified_gmt":"2014-01-29T18:16:06","slug":"el-precio-de-la-vivienda-un-futuro-esperanzador","status":"publish","type":"post","link":"https:\/\/www.gruporetiro.com\/inversor\/2014\/01\/29\/el-precio-de-la-vivienda-un-futuro-esperanzador\/","title":{"rendered":"El precio de la vivienda: un futuro esperanzador"},"content":{"rendered":"<p>El precio de la <strong>vivienda en Espa\u00f1a<\/strong> escal\u00f3 un 0,8% en el tercer trimestre del a\u00f1o respecto al trimestre anterior, seg\u00fan datos de la oficina eurostat .Este es el primer repunte en la tasa intertrimestral dese el a\u00f1o 2010, no obstante Espa\u00f1a sigue entre los pa\u00edses de la Uni\u00f3n Europea donde el precio de la vivienda cae de forma m\u00e1s acusada en tasa interanual.<\/p>\n<p>Por lo que, el valor de las casas en Espa\u00f1a cedi\u00f3 un 6,4% en el tercer trimestre del a\u00f1o 2013 respecto al mismo periodo del a\u00f1o anterior. Esta ca\u00edda s\u00f3lo fue superada por\u00a0<strong> Croacia y Chipre<\/strong> (-16,9% y -8% respectivamente).<\/p>\n<p>Ahora, ya en 2014, no podemos hacer m\u00e1s que constatar la realidad, una realidad tozuda que se empe\u00f1a en mostrarnos un panorama bastante diferente de lo que supondr\u00eda un supuesto periodo de transici\u00f3n. De hecho, sobre el particular que se est\u00e1n realizando en<strong> el extranjero<\/strong>, encontraremos diferentes afirmaciones que indican que la correcci\u00f3n total sobre el precio de la vivienda en los pr\u00f3ximos a\u00f1os llegar\u00e1 a alcanzar el 50% desde m\u00e1ximos, lo que de hecho vendr\u00eda a suponer un nivel de precios equivalente a al menos 11 o 12 a\u00f1os atr\u00e1s.<\/p>\n","protected":false},"excerpt":{"rendered":"<p>El precio de la vivienda en Espa\u00f1a escal\u00f3 un 0,8% en el tercer trimestre del a\u00f1o respecto al trimestre anterior, seg\u00fan datos de la oficina eurostat .Este es el primer repunte en la tasa intertrimestral dese el a\u00f1o 2010, no obstante Espa\u00f1a sigue entre los pa\u00edses de la Uni\u00f3n Europea donde el precio de la [&hellip;]<\/p>\n","protected":false},"author":1,"featured_media":5455,"comment_status":"closed","ping_status":"open","sticky":false,"template":"","format":"standard","meta":{"_acf_changed":false,"content-type":"","footnotes":""},"categories":[93],"tags":[],"class_list":["post-5453","post","type-post","status-publish","format-standard","has-post-thumbnail","hentry","category-vivienda"],"acf":[],"yoast_head":"<!-- This site is optimized with the Yoast SEO plugin v26.9 - https:\/\/yoast.com\/product\/yoast-seo-wordpress\/ -->\n<title>El precio de la vivienda: un futuro esperanzador - Inversi\u00f3n Renta Vitalicia<\/title>\n<meta name=\"robots\" content=\"index, follow, max-snippet:-1, max-image-preview:large, max-video-preview:-1\" \/>\n<link rel=\"canonical\" href=\"https:\/\/www.gruporetiro.com\/inversor\/2014\/01\/29\/el-precio-de-la-vivienda-un-futuro-esperanzador\/\" \/>\n<meta property=\"og:locale\" content=\"es_ES\" \/>\n<meta property=\"og:type\" content=\"article\" \/>\n<meta property=\"og:title\" content=\"El precio de la vivienda: un futuro esperanzador - Inversi\u00f3n Renta Vitalicia\" \/>\n<meta property=\"og:description\" content=\"El precio de la vivienda en Espa\u00f1a escal\u00f3 un 0,8% en el tercer trimestre del a\u00f1o respecto al trimestre anterior, seg\u00fan datos de la oficina eurostat .Este es el primer repunte en la tasa intertrimestral dese el a\u00f1o 2010, no obstante Espa\u00f1a sigue entre los pa\u00edses de la Uni\u00f3n Europea donde el precio de la [&hellip;]\" \/>\n<meta property=\"og:url\" content=\"https:\/\/www.gruporetiro.com\/inversor\/2014\/01\/29\/el-precio-de-la-vivienda-un-futuro-esperanzador\/\" \/>\n<meta property=\"og:site_name\" content=\"Inversi\u00f3n Renta Vitalicia\" \/>\n<meta property=\"article:published_time\" content=\"2014-01-29T18:16:06+00:00\" \/>\n<meta property=\"og:image\" content=\"https:\/\/www.gruporetiro.com\/inversor\/wp-content\/uploads\/2021\/05\/vivienda.jpg\" \/>\n\t<meta property=\"og:image:width\" content=\"320\" \/>\n\t<meta property=\"og:image:height\" content=\"180\" \/>\n\t<meta property=\"og:image:type\" content=\"image\/jpeg\" \/>\n<meta name=\"author\" content=\"admin\" \/>\n<meta name=\"twitter:card\" content=\"summary_large_image\" \/>\n<meta name=\"twitter:label1\" content=\"Escrito por\" \/>\n\t<meta name=\"twitter:data1\" content=\"admin\" \/>\n\t<meta name=\"twitter:label2\" content=\"Tiempo de lectura\" \/>\n\t<meta name=\"twitter:data2\" content=\"1 minuto\" \/>\n<script type=\"application\/ld+json\" class=\"yoast-schema-graph\">{\"@context\":\"https:\/\/schema.org\",\"@graph\":[{\"@type\":\"Article\",\"@id\":\"https:\/\/www.gruporetiro.com\/inversor\/2014\/01\/29\/el-precio-de-la-vivienda-un-futuro-esperanzador\/#article\",\"isPartOf\":{\"@id\":\"https:\/\/www.gruporetiro.com\/inversor\/2014\/01\/29\/el-precio-de-la-vivienda-un-futuro-esperanzador\/\"},\"author\":{\"name\":\"admin\",\"@id\":\"https:\/\/www.gruporetiro.com\/inversor\/#\/schema\/person\/3a5d6cf1d26e0dd5135faf6241d40248\"},\"headline\":\"El precio de la vivienda: un futuro esperanzador\",\"datePublished\":\"2014-01-29T18:16:06+00:00\",\"mainEntityOfPage\":{\"@id\":\"https:\/\/www.gruporetiro.com\/inversor\/2014\/01\/29\/el-precio-de-la-vivienda-un-futuro-esperanzador\/\"},\"wordCount\":220,\"image\":{\"@id\":\"https:\/\/www.gruporetiro.com\/inversor\/2014\/01\/29\/el-precio-de-la-vivienda-un-futuro-esperanzador\/#primaryimage\"},\"thumbnailUrl\":\"https:\/\/www.gruporetiro.com\/inversor\/wp-content\/uploads\/2021\/05\/vivienda.jpg\",\"articleSection\":[\"Vivienda\"],\"inLanguage\":\"es\"},{\"@type\":\"WebPage\",\"@id\":\"https:\/\/www.gruporetiro.com\/inversor\/2014\/01\/29\/el-precio-de-la-vivienda-un-futuro-esperanzador\/\",\"url\":\"https:\/\/www.gruporetiro.com\/inversor\/2014\/01\/29\/el-precio-de-la-vivienda-un-futuro-esperanzador\/\",\"name\":\"El precio de la vivienda: un futuro esperanzador - Inversi\u00f3n Renta Vitalicia\",\"isPartOf\":{\"@id\":\"https:\/\/www.gruporetiro.com\/inversor\/#website\"},\"primaryImageOfPage\":{\"@id\":\"https:\/\/www.gruporetiro.com\/inversor\/2014\/01\/29\/el-precio-de-la-vivienda-un-futuro-esperanzador\/#primaryimage\"},\"image\":{\"@id\":\"https:\/\/www.gruporetiro.com\/inversor\/2014\/01\/29\/el-precio-de-la-vivienda-un-futuro-esperanzador\/#primaryimage\"},\"thumbnailUrl\":\"https:\/\/www.gruporetiro.com\/inversor\/wp-content\/uploads\/2021\/05\/vivienda.jpg\",\"datePublished\":\"2014-01-29T18:16:06+00:00\",\"author\":{\"@id\":\"https:\/\/www.gruporetiro.com\/inversor\/#\/schema\/person\/3a5d6cf1d26e0dd5135faf6241d40248\"},\"breadcrumb\":{\"@id\":\"https:\/\/www.gruporetiro.com\/inversor\/2014\/01\/29\/el-precio-de-la-vivienda-un-futuro-esperanzador\/#breadcrumb\"},\"inLanguage\":\"es\",\"potentialAction\":[{\"@type\":\"ReadAction\",\"target\":[\"https:\/\/www.gruporetiro.com\/inversor\/2014\/01\/29\/el-precio-de-la-vivienda-un-futuro-esperanzador\/\"]}]},{\"@type\":\"ImageObject\",\"inLanguage\":\"es\",\"@id\":\"https:\/\/www.gruporetiro.com\/inversor\/2014\/01\/29\/el-precio-de-la-vivienda-un-futuro-esperanzador\/#primaryimage\",\"url\":\"https:\/\/www.gruporetiro.com\/inversor\/wp-content\/uploads\/2021\/05\/vivienda.jpg\",\"contentUrl\":\"https:\/\/www.gruporetiro.com\/inversor\/wp-content\/uploads\/2021\/05\/vivienda.jpg\",\"width\":320,\"height\":180},{\"@type\":\"BreadcrumbList\",\"@id\":\"https:\/\/www.gruporetiro.com\/inversor\/2014\/01\/29\/el-precio-de-la-vivienda-un-futuro-esperanzador\/#breadcrumb\",\"itemListElement\":[{\"@type\":\"ListItem\",\"position\":1,\"name\":\"Portada\",\"item\":\"https:\/\/www.gruporetiro.com\/inversor\/\"},{\"@type\":\"ListItem\",\"position\":2,\"name\":\"El precio de la vivienda: un futuro esperanzador\"}]},{\"@type\":\"WebSite\",\"@id\":\"https:\/\/www.gruporetiro.com\/inversor\/#website\",\"url\":\"https:\/\/www.gruporetiro.com\/inversor\/\",\"name\":\"Inversi\u00f3n Renta Vitalicia\",\"description\":\"\",\"potentialAction\":[{\"@type\":\"SearchAction\",\"target\":{\"@type\":\"EntryPoint\",\"urlTemplate\":\"https:\/\/www.gruporetiro.com\/inversor\/?s={search_term_string}\"},\"query-input\":{\"@type\":\"PropertyValueSpecification\",\"valueRequired\":true,\"valueName\":\"search_term_string\"}}],\"inLanguage\":\"es\"},{\"@type\":\"Person\",\"@id\":\"https:\/\/www.gruporetiro.com\/inversor\/#\/schema\/person\/3a5d6cf1d26e0dd5135faf6241d40248\",\"name\":\"admin\",\"image\":{\"@type\":\"ImageObject\",\"inLanguage\":\"es\",\"@id\":\"https:\/\/www.gruporetiro.com\/inversor\/#\/schema\/person\/image\/\",\"url\":\"https:\/\/secure.gravatar.com\/avatar\/c7afa5962b5f1557592c6cbc45b6b19f538bc0ea853d455320f793b58050f0b8?s=96&d=mm&r=g\",\"contentUrl\":\"https:\/\/secure.gravatar.com\/avatar\/c7afa5962b5f1557592c6cbc45b6b19f538bc0ea853d455320f793b58050f0b8?s=96&d=mm&r=g\",\"caption\":\"admin\"},\"sameAs\":[\"https:\/\/gruporetiro.com\/inversor\"],\"url\":\"https:\/\/www.gruporetiro.com\/inversor\/author\/admin\/\"}]}<\/script>\n<!-- \/ Yoast SEO plugin. -->","yoast_head_json":{"title":"El precio de la vivienda: un futuro esperanzador - Inversi\u00f3n Renta Vitalicia","robots":{"index":"index","follow":"follow","max-snippet":"max-snippet:-1","max-image-preview":"max-image-preview:large","max-video-preview":"max-video-preview:-1"},"canonical":"https:\/\/www.gruporetiro.com\/inversor\/2014\/01\/29\/el-precio-de-la-vivienda-un-futuro-esperanzador\/","og_locale":"es_ES","og_type":"article","og_title":"El precio de la vivienda: un futuro esperanzador - Inversi\u00f3n Renta Vitalicia","og_description":"El precio de la vivienda en Espa\u00f1a escal\u00f3 un 0,8% en el tercer trimestre del a\u00f1o respecto al trimestre anterior, seg\u00fan datos de la oficina eurostat .Este es el primer repunte en la tasa intertrimestral dese el a\u00f1o 2010, no obstante Espa\u00f1a sigue entre los pa\u00edses de la Uni\u00f3n Europea donde el precio de la [&hellip;]","og_url":"https:\/\/www.gruporetiro.com\/inversor\/2014\/01\/29\/el-precio-de-la-vivienda-un-futuro-esperanzador\/","og_site_name":"Inversi\u00f3n Renta Vitalicia","article_published_time":"2014-01-29T18:16:06+00:00","og_image":[{"width":320,"height":180,"url":"https:\/\/www.gruporetiro.com\/inversor\/wp-content\/uploads\/2021\/05\/vivienda.jpg","type":"image\/jpeg"}],"author":"admin","twitter_card":"summary_large_image","twitter_misc":{"Escrito por":"admin","Tiempo de lectura":"1 minuto"},"schema":{"@context":"https:\/\/schema.org","@graph":[{"@type":"Article","@id":"https:\/\/www.gruporetiro.com\/inversor\/2014\/01\/29\/el-precio-de-la-vivienda-un-futuro-esperanzador\/#article","isPartOf":{"@id":"https:\/\/www.gruporetiro.com\/inversor\/2014\/01\/29\/el-precio-de-la-vivienda-un-futuro-esperanzador\/"},"author":{"name":"admin","@id":"https:\/\/www.gruporetiro.com\/inversor\/#\/schema\/person\/3a5d6cf1d26e0dd5135faf6241d40248"},"headline":"El precio de la vivienda: un futuro esperanzador","datePublished":"2014-01-29T18:16:06+00:00","mainEntityOfPage":{"@id":"https:\/\/www.gruporetiro.com\/inversor\/2014\/01\/29\/el-precio-de-la-vivienda-un-futuro-esperanzador\/"},"wordCount":220,"image":{"@id":"https:\/\/www.gruporetiro.com\/inversor\/2014\/01\/29\/el-precio-de-la-vivienda-un-futuro-esperanzador\/#primaryimage"},"thumbnailUrl":"https:\/\/www.gruporetiro.com\/inversor\/wp-content\/uploads\/2021\/05\/vivienda.jpg","articleSection":["Vivienda"],"inLanguage":"es"},{"@type":"WebPage","@id":"https:\/\/www.gruporetiro.com\/inversor\/2014\/01\/29\/el-precio-de-la-vivienda-un-futuro-esperanzador\/","url":"https:\/\/www.gruporetiro.com\/inversor\/2014\/01\/29\/el-precio-de-la-vivienda-un-futuro-esperanzador\/","name":"El precio de la vivienda: un futuro esperanzador - Inversi\u00f3n Renta Vitalicia","isPartOf":{"@id":"https:\/\/www.gruporetiro.com\/inversor\/#website"},"primaryImageOfPage":{"@id":"https:\/\/www.gruporetiro.com\/inversor\/2014\/01\/29\/el-precio-de-la-vivienda-un-futuro-esperanzador\/#primaryimage"},"image":{"@id":"https:\/\/www.gruporetiro.com\/inversor\/2014\/01\/29\/el-precio-de-la-vivienda-un-futuro-esperanzador\/#primaryimage"},"thumbnailUrl":"https:\/\/www.gruporetiro.com\/inversor\/wp-content\/uploads\/2021\/05\/vivienda.jpg","datePublished":"2014-01-29T18:16:06+00:00","author":{"@id":"https:\/\/www.gruporetiro.com\/inversor\/#\/schema\/person\/3a5d6cf1d26e0dd5135faf6241d40248"},"breadcrumb":{"@id":"https:\/\/www.gruporetiro.com\/inversor\/2014\/01\/29\/el-precio-de-la-vivienda-un-futuro-esperanzador\/#breadcrumb"},"inLanguage":"es","potentialAction":[{"@type":"ReadAction","target":["https:\/\/www.gruporetiro.com\/inversor\/2014\/01\/29\/el-precio-de-la-vivienda-un-futuro-esperanzador\/"]}]},{"@type":"ImageObject","inLanguage":"es","@id":"https:\/\/www.gruporetiro.com\/inversor\/2014\/01\/29\/el-precio-de-la-vivienda-un-futuro-esperanzador\/#primaryimage","url":"https:\/\/www.gruporetiro.com\/inversor\/wp-content\/uploads\/2021\/05\/vivienda.jpg","contentUrl":"https:\/\/www.gruporetiro.com\/inversor\/wp-content\/uploads\/2021\/05\/vivienda.jpg","width":320,"height":180},{"@type":"BreadcrumbList","@id":"https:\/\/www.gruporetiro.com\/inversor\/2014\/01\/29\/el-precio-de-la-vivienda-un-futuro-esperanzador\/#breadcrumb","itemListElement":[{"@type":"ListItem","position":1,"name":"Portada","item":"https:\/\/www.gruporetiro.com\/inversor\/"},{"@type":"ListItem","position":2,"name":"El precio de la vivienda: un futuro esperanzador"}]},{"@type":"WebSite","@id":"https:\/\/www.gruporetiro.com\/inversor\/#website","url":"https:\/\/www.gruporetiro.com\/inversor\/","name":"Inversi\u00f3n Renta Vitalicia","description":"","potentialAction":[{"@type":"SearchAction","target":{"@type":"EntryPoint","urlTemplate":"https:\/\/www.gruporetiro.com\/inversor\/?s={search_term_string}"},"query-input":{"@type":"PropertyValueSpecification","valueRequired":true,"valueName":"search_term_string"}}],"inLanguage":"es"},{"@type":"Person","@id":"https:\/\/www.gruporetiro.com\/inversor\/#\/schema\/person\/3a5d6cf1d26e0dd5135faf6241d40248","name":"admin","image":{"@type":"ImageObject","inLanguage":"es","@id":"https:\/\/www.gruporetiro.com\/inversor\/#\/schema\/person\/image\/","url":"https:\/\/secure.gravatar.com\/avatar\/c7afa5962b5f1557592c6cbc45b6b19f538bc0ea853d455320f793b58050f0b8?s=96&d=mm&r=g","contentUrl":"https:\/\/secure.gravatar.com\/avatar\/c7afa5962b5f1557592c6cbc45b6b19f538bc0ea853d455320f793b58050f0b8?s=96&d=mm&r=g","caption":"admin"},"sameAs":["https:\/\/gruporetiro.com\/inversor"],"url":"https:\/\/www.gruporetiro.com\/inversor\/author\/admin\/"}]}},"_links":{"self":[{"href":"https:\/\/www.gruporetiro.com\/inversor\/wp-json\/wp\/v2\/posts\/5453","targetHints":{"allow":["GET"]}}],"collection":[{"href":"https:\/\/www.gruporetiro.com\/inversor\/wp-json\/wp\/v2\/posts"}],"about":[{"href":"https:\/\/www.gruporetiro.com\/inversor\/wp-json\/wp\/v2\/types\/post"}],"author":[{"embeddable":true,"href":"https:\/\/www.gruporetiro.com\/inversor\/wp-json\/wp\/v2\/users\/1"}],"replies":[{"embeddable":true,"href":"https:\/\/www.gruporetiro.com\/inversor\/wp-json\/wp\/v2\/comments?post=5453"}],"version-history":[{"count":0,"href":"https:\/\/www.gruporetiro.com\/inversor\/wp-json\/wp\/v2\/posts\/5453\/revisions"}],"wp:featuredmedia":[{"embeddable":true,"href":"https:\/\/www.gruporetiro.com\/inversor\/wp-json\/wp\/v2\/media\/5455"}],"wp:attachment":[{"href":"https:\/\/www.gruporetiro.com\/inversor\/wp-json\/wp\/v2\/media?parent=5453"}],"wp:term":[{"taxonomy":"category","embeddable":true,"href":"https:\/\/www.gruporetiro.com\/inversor\/wp-json\/wp\/v2\/categories?post=5453"},{"taxonomy":"post_tag","embeddable":true,"href":"https:\/\/www.gruporetiro.com\/inversor\/wp-json\/wp\/v2\/tags?post=5453"}],"curies":[{"name":"wp","href":"https:\/\/api.w.org\/{rel}","templated":true}]}}