{"id":5467,"date":"2014-02-28T18:23:31","date_gmt":"2014-02-28T18:23:31","guid":{"rendered":"http:\/\/inrevi.enrique-sancho.com\/?p=5467"},"modified":"2014-02-28T18:23:31","modified_gmt":"2014-02-28T18:23:31","slug":"sube-el-precio-de-la-vivienda-en-la-comunidad-de-madrid","status":"publish","type":"post","link":"https:\/\/www.gruporetiro.com\/inversor\/2014\/02\/28\/sube-el-precio-de-la-vivienda-en-la-comunidad-de-madrid\/","title":{"rendered":"Sube el precio de la vivienda en la Comunidad de Madrid"},"content":{"rendered":"<p>Pozuelo de Alarc\u00f3n, Madrid y Alcobendas entre los municipios con los precios del metro cuadrado m\u00e1s caros de Espa\u00f1a.<\/p>\n<p>El precio de la vivienda en la Comunidad de Madrid subi\u00f3 al cierre de 2013 el 1,8% en la tasa interanual y un 2,1% con respecto al trimestre anterior, seg\u00fan datos emitidos por el Ministerio de Fomento, que sit\u00faan a Pozuelo de Alarc\u00f3n, Madrid y Alcobendas entre los municipios con los precios del metro cuadrado m\u00e1s caros de Espa\u00f1a.<\/p>\n<p>Seg\u00fan la estad\u00edstica publicada por el Ministerio de Fomento, el precio de la vivienda libre bajo en toda Espa\u00f1a un 4,2% al cierre de 2013 con respecto al \u00faltimo trimestre del a\u00f1o 2012, sumando as\u00ed seis a\u00f1os a la baja, pero sin embargo subi\u00f3 en la Comunidad de Madrid (1,8%),Baleares 3,6%), \u00a0Canarias (0,2%) \u00a0y Ceuta y Melilla (0,5%),<\/p>\n<p>El precio medio del metro cuadrado de la vivienda libre de hasta dos a\u00f1os de antig\u00fcedad se situ\u00f3 en 1,536,5 euros en Espa\u00f1a, con una variaci\u00f3n interanual del -3,2%.<\/p>\n<p>Por municipios de m\u00e1s de 250.000 habitantes, los precios m\u00e1s elevados se encuentran en San Sebasti\u00e1n, con 3.365 euros por metro cuadrado, Getxo, 2.950,4 euros\/m2, situando a Madrid en 2.438,5 euros\/m2.<\/p>\n","protected":false},"excerpt":{"rendered":"<p>Pozuelo de Alarc\u00f3n, Madrid y Alcobendas entre los municipios con los precios del metro cuadrado m\u00e1s caros de Espa\u00f1a. El precio de la vivienda en la Comunidad de Madrid subi\u00f3 al cierre de 2013 el 1,8% en la tasa interanual y un 2,1% con respecto al trimestre anterior, seg\u00fan datos emitidos por el Ministerio de [&hellip;]<\/p>\n","protected":false},"author":1,"featured_media":5458,"comment_status":"closed","ping_status":"open","sticky":false,"template":"","format":"standard","meta":{"_acf_changed":false,"content-type":"","footnotes":""},"categories":[93],"tags":[],"class_list":["post-5467","post","type-post","status-publish","format-standard","has-post-thumbnail","hentry","category-vivienda"],"acf":[],"yoast_head":"<!-- This site is optimized with the Yoast SEO plugin v26.9 - https:\/\/yoast.com\/product\/yoast-seo-wordpress\/ -->\n<title>Sube el precio de la vivienda en la Comunidad de Madrid - Inversi\u00f3n Renta Vitalicia<\/title>\n<meta name=\"robots\" content=\"index, follow, max-snippet:-1, max-image-preview:large, max-video-preview:-1\" \/>\n<link rel=\"canonical\" href=\"https:\/\/www.gruporetiro.com\/inversor\/2014\/02\/28\/sube-el-precio-de-la-vivienda-en-la-comunidad-de-madrid\/\" \/>\n<meta property=\"og:locale\" content=\"es_ES\" \/>\n<meta property=\"og:type\" content=\"article\" \/>\n<meta property=\"og:title\" content=\"Sube el precio de la vivienda en la Comunidad de Madrid - Inversi\u00f3n Renta Vitalicia\" \/>\n<meta property=\"og:description\" content=\"Pozuelo de Alarc\u00f3n, Madrid y Alcobendas entre los municipios con los precios del metro cuadrado m\u00e1s caros de Espa\u00f1a. El precio de la vivienda en la Comunidad de Madrid subi\u00f3 al cierre de 2013 el 1,8% en la tasa interanual y un 2,1% con respecto al trimestre anterior, seg\u00fan datos emitidos por el Ministerio de [&hellip;]\" \/>\n<meta property=\"og:url\" content=\"https:\/\/www.gruporetiro.com\/inversor\/2014\/02\/28\/sube-el-precio-de-la-vivienda-en-la-comunidad-de-madrid\/\" \/>\n<meta property=\"og:site_name\" content=\"Inversi\u00f3n Renta Vitalicia\" \/>\n<meta property=\"article:published_time\" content=\"2014-02-28T18:23:31+00:00\" \/>\n<meta property=\"og:image\" content=\"https:\/\/www.gruporetiro.com\/inversor\/wp-content\/uploads\/2021\/05\/Madrid.jpg\" \/>\n\t<meta property=\"og:image:width\" content=\"320\" \/>\n\t<meta property=\"og:image:height\" content=\"180\" \/>\n\t<meta property=\"og:image:type\" content=\"image\/jpeg\" \/>\n<meta name=\"author\" content=\"admin\" \/>\n<meta name=\"twitter:card\" content=\"summary_large_image\" \/>\n<meta name=\"twitter:label1\" content=\"Escrito por\" \/>\n\t<meta name=\"twitter:data1\" content=\"admin\" \/>\n\t<meta name=\"twitter:label2\" content=\"Tiempo de lectura\" \/>\n\t<meta name=\"twitter:data2\" content=\"1 minuto\" \/>\n<script type=\"application\/ld+json\" class=\"yoast-schema-graph\">{\"@context\":\"https:\/\/schema.org\",\"@graph\":[{\"@type\":\"Article\",\"@id\":\"https:\/\/www.gruporetiro.com\/inversor\/2014\/02\/28\/sube-el-precio-de-la-vivienda-en-la-comunidad-de-madrid\/#article\",\"isPartOf\":{\"@id\":\"https:\/\/www.gruporetiro.com\/inversor\/2014\/02\/28\/sube-el-precio-de-la-vivienda-en-la-comunidad-de-madrid\/\"},\"author\":{\"name\":\"admin\",\"@id\":\"https:\/\/www.gruporetiro.com\/inversor\/#\/schema\/person\/3a5d6cf1d26e0dd5135faf6241d40248\"},\"headline\":\"Sube el precio de la vivienda en la Comunidad de Madrid\",\"datePublished\":\"2014-02-28T18:23:31+00:00\",\"mainEntityOfPage\":{\"@id\":\"https:\/\/www.gruporetiro.com\/inversor\/2014\/02\/28\/sube-el-precio-de-la-vivienda-en-la-comunidad-de-madrid\/\"},\"wordCount\":215,\"image\":{\"@id\":\"https:\/\/www.gruporetiro.com\/inversor\/2014\/02\/28\/sube-el-precio-de-la-vivienda-en-la-comunidad-de-madrid\/#primaryimage\"},\"thumbnailUrl\":\"https:\/\/www.gruporetiro.com\/inversor\/wp-content\/uploads\/2021\/05\/Madrid.jpg\",\"articleSection\":[\"Vivienda\"],\"inLanguage\":\"es\"},{\"@type\":\"WebPage\",\"@id\":\"https:\/\/www.gruporetiro.com\/inversor\/2014\/02\/28\/sube-el-precio-de-la-vivienda-en-la-comunidad-de-madrid\/\",\"url\":\"https:\/\/www.gruporetiro.com\/inversor\/2014\/02\/28\/sube-el-precio-de-la-vivienda-en-la-comunidad-de-madrid\/\",\"name\":\"Sube el precio de la vivienda en la Comunidad de Madrid - Inversi\u00f3n Renta Vitalicia\",\"isPartOf\":{\"@id\":\"https:\/\/www.gruporetiro.com\/inversor\/#website\"},\"primaryImageOfPage\":{\"@id\":\"https:\/\/www.gruporetiro.com\/inversor\/2014\/02\/28\/sube-el-precio-de-la-vivienda-en-la-comunidad-de-madrid\/#primaryimage\"},\"image\":{\"@id\":\"https:\/\/www.gruporetiro.com\/inversor\/2014\/02\/28\/sube-el-precio-de-la-vivienda-en-la-comunidad-de-madrid\/#primaryimage\"},\"thumbnailUrl\":\"https:\/\/www.gruporetiro.com\/inversor\/wp-content\/uploads\/2021\/05\/Madrid.jpg\",\"datePublished\":\"2014-02-28T18:23:31+00:00\",\"author\":{\"@id\":\"https:\/\/www.gruporetiro.com\/inversor\/#\/schema\/person\/3a5d6cf1d26e0dd5135faf6241d40248\"},\"breadcrumb\":{\"@id\":\"https:\/\/www.gruporetiro.com\/inversor\/2014\/02\/28\/sube-el-precio-de-la-vivienda-en-la-comunidad-de-madrid\/#breadcrumb\"},\"inLanguage\":\"es\",\"potentialAction\":[{\"@type\":\"ReadAction\",\"target\":[\"https:\/\/www.gruporetiro.com\/inversor\/2014\/02\/28\/sube-el-precio-de-la-vivienda-en-la-comunidad-de-madrid\/\"]}]},{\"@type\":\"ImageObject\",\"inLanguage\":\"es\",\"@id\":\"https:\/\/www.gruporetiro.com\/inversor\/2014\/02\/28\/sube-el-precio-de-la-vivienda-en-la-comunidad-de-madrid\/#primaryimage\",\"url\":\"https:\/\/www.gruporetiro.com\/inversor\/wp-content\/uploads\/2021\/05\/Madrid.jpg\",\"contentUrl\":\"https:\/\/www.gruporetiro.com\/inversor\/wp-content\/uploads\/2021\/05\/Madrid.jpg\",\"width\":320,\"height\":180},{\"@type\":\"BreadcrumbList\",\"@id\":\"https:\/\/www.gruporetiro.com\/inversor\/2014\/02\/28\/sube-el-precio-de-la-vivienda-en-la-comunidad-de-madrid\/#breadcrumb\",\"itemListElement\":[{\"@type\":\"ListItem\",\"position\":1,\"name\":\"Portada\",\"item\":\"https:\/\/www.gruporetiro.com\/inversor\/\"},{\"@type\":\"ListItem\",\"position\":2,\"name\":\"Sube el precio de la vivienda en la Comunidad de Madrid\"}]},{\"@type\":\"WebSite\",\"@id\":\"https:\/\/www.gruporetiro.com\/inversor\/#website\",\"url\":\"https:\/\/www.gruporetiro.com\/inversor\/\",\"name\":\"Inversi\u00f3n Renta Vitalicia\",\"description\":\"\",\"potentialAction\":[{\"@type\":\"SearchAction\",\"target\":{\"@type\":\"EntryPoint\",\"urlTemplate\":\"https:\/\/www.gruporetiro.com\/inversor\/?s={search_term_string}\"},\"query-input\":{\"@type\":\"PropertyValueSpecification\",\"valueRequired\":true,\"valueName\":\"search_term_string\"}}],\"inLanguage\":\"es\"},{\"@type\":\"Person\",\"@id\":\"https:\/\/www.gruporetiro.com\/inversor\/#\/schema\/person\/3a5d6cf1d26e0dd5135faf6241d40248\",\"name\":\"admin\",\"image\":{\"@type\":\"ImageObject\",\"inLanguage\":\"es\",\"@id\":\"https:\/\/www.gruporetiro.com\/inversor\/#\/schema\/person\/image\/\",\"url\":\"https:\/\/secure.gravatar.com\/avatar\/c7afa5962b5f1557592c6cbc45b6b19f538bc0ea853d455320f793b58050f0b8?s=96&d=mm&r=g\",\"contentUrl\":\"https:\/\/secure.gravatar.com\/avatar\/c7afa5962b5f1557592c6cbc45b6b19f538bc0ea853d455320f793b58050f0b8?s=96&d=mm&r=g\",\"caption\":\"admin\"},\"sameAs\":[\"https:\/\/gruporetiro.com\/inversor\"],\"url\":\"https:\/\/www.gruporetiro.com\/inversor\/author\/admin\/\"}]}<\/script>\n<!-- \/ Yoast SEO plugin. -->","yoast_head_json":{"title":"Sube el precio de la vivienda en la Comunidad de Madrid - Inversi\u00f3n Renta Vitalicia","robots":{"index":"index","follow":"follow","max-snippet":"max-snippet:-1","max-image-preview":"max-image-preview:large","max-video-preview":"max-video-preview:-1"},"canonical":"https:\/\/www.gruporetiro.com\/inversor\/2014\/02\/28\/sube-el-precio-de-la-vivienda-en-la-comunidad-de-madrid\/","og_locale":"es_ES","og_type":"article","og_title":"Sube el precio de la vivienda en la Comunidad de Madrid - Inversi\u00f3n Renta Vitalicia","og_description":"Pozuelo de Alarc\u00f3n, Madrid y Alcobendas entre los municipios con los precios del metro cuadrado m\u00e1s caros de Espa\u00f1a. El precio de la vivienda en la Comunidad de Madrid subi\u00f3 al cierre de 2013 el 1,8% en la tasa interanual y un 2,1% con respecto al trimestre anterior, seg\u00fan datos emitidos por el Ministerio de [&hellip;]","og_url":"https:\/\/www.gruporetiro.com\/inversor\/2014\/02\/28\/sube-el-precio-de-la-vivienda-en-la-comunidad-de-madrid\/","og_site_name":"Inversi\u00f3n Renta Vitalicia","article_published_time":"2014-02-28T18:23:31+00:00","og_image":[{"width":320,"height":180,"url":"https:\/\/www.gruporetiro.com\/inversor\/wp-content\/uploads\/2021\/05\/Madrid.jpg","type":"image\/jpeg"}],"author":"admin","twitter_card":"summary_large_image","twitter_misc":{"Escrito por":"admin","Tiempo de lectura":"1 minuto"},"schema":{"@context":"https:\/\/schema.org","@graph":[{"@type":"Article","@id":"https:\/\/www.gruporetiro.com\/inversor\/2014\/02\/28\/sube-el-precio-de-la-vivienda-en-la-comunidad-de-madrid\/#article","isPartOf":{"@id":"https:\/\/www.gruporetiro.com\/inversor\/2014\/02\/28\/sube-el-precio-de-la-vivienda-en-la-comunidad-de-madrid\/"},"author":{"name":"admin","@id":"https:\/\/www.gruporetiro.com\/inversor\/#\/schema\/person\/3a5d6cf1d26e0dd5135faf6241d40248"},"headline":"Sube el precio de la vivienda en la Comunidad de Madrid","datePublished":"2014-02-28T18:23:31+00:00","mainEntityOfPage":{"@id":"https:\/\/www.gruporetiro.com\/inversor\/2014\/02\/28\/sube-el-precio-de-la-vivienda-en-la-comunidad-de-madrid\/"},"wordCount":215,"image":{"@id":"https:\/\/www.gruporetiro.com\/inversor\/2014\/02\/28\/sube-el-precio-de-la-vivienda-en-la-comunidad-de-madrid\/#primaryimage"},"thumbnailUrl":"https:\/\/www.gruporetiro.com\/inversor\/wp-content\/uploads\/2021\/05\/Madrid.jpg","articleSection":["Vivienda"],"inLanguage":"es"},{"@type":"WebPage","@id":"https:\/\/www.gruporetiro.com\/inversor\/2014\/02\/28\/sube-el-precio-de-la-vivienda-en-la-comunidad-de-madrid\/","url":"https:\/\/www.gruporetiro.com\/inversor\/2014\/02\/28\/sube-el-precio-de-la-vivienda-en-la-comunidad-de-madrid\/","name":"Sube el precio de la vivienda en la Comunidad de Madrid - Inversi\u00f3n Renta Vitalicia","isPartOf":{"@id":"https:\/\/www.gruporetiro.com\/inversor\/#website"},"primaryImageOfPage":{"@id":"https:\/\/www.gruporetiro.com\/inversor\/2014\/02\/28\/sube-el-precio-de-la-vivienda-en-la-comunidad-de-madrid\/#primaryimage"},"image":{"@id":"https:\/\/www.gruporetiro.com\/inversor\/2014\/02\/28\/sube-el-precio-de-la-vivienda-en-la-comunidad-de-madrid\/#primaryimage"},"thumbnailUrl":"https:\/\/www.gruporetiro.com\/inversor\/wp-content\/uploads\/2021\/05\/Madrid.jpg","datePublished":"2014-02-28T18:23:31+00:00","author":{"@id":"https:\/\/www.gruporetiro.com\/inversor\/#\/schema\/person\/3a5d6cf1d26e0dd5135faf6241d40248"},"breadcrumb":{"@id":"https:\/\/www.gruporetiro.com\/inversor\/2014\/02\/28\/sube-el-precio-de-la-vivienda-en-la-comunidad-de-madrid\/#breadcrumb"},"inLanguage":"es","potentialAction":[{"@type":"ReadAction","target":["https:\/\/www.gruporetiro.com\/inversor\/2014\/02\/28\/sube-el-precio-de-la-vivienda-en-la-comunidad-de-madrid\/"]}]},{"@type":"ImageObject","inLanguage":"es","@id":"https:\/\/www.gruporetiro.com\/inversor\/2014\/02\/28\/sube-el-precio-de-la-vivienda-en-la-comunidad-de-madrid\/#primaryimage","url":"https:\/\/www.gruporetiro.com\/inversor\/wp-content\/uploads\/2021\/05\/Madrid.jpg","contentUrl":"https:\/\/www.gruporetiro.com\/inversor\/wp-content\/uploads\/2021\/05\/Madrid.jpg","width":320,"height":180},{"@type":"BreadcrumbList","@id":"https:\/\/www.gruporetiro.com\/inversor\/2014\/02\/28\/sube-el-precio-de-la-vivienda-en-la-comunidad-de-madrid\/#breadcrumb","itemListElement":[{"@type":"ListItem","position":1,"name":"Portada","item":"https:\/\/www.gruporetiro.com\/inversor\/"},{"@type":"ListItem","position":2,"name":"Sube el precio de la vivienda en la Comunidad de Madrid"}]},{"@type":"WebSite","@id":"https:\/\/www.gruporetiro.com\/inversor\/#website","url":"https:\/\/www.gruporetiro.com\/inversor\/","name":"Inversi\u00f3n Renta Vitalicia","description":"","potentialAction":[{"@type":"SearchAction","target":{"@type":"EntryPoint","urlTemplate":"https:\/\/www.gruporetiro.com\/inversor\/?s={search_term_string}"},"query-input":{"@type":"PropertyValueSpecification","valueRequired":true,"valueName":"search_term_string"}}],"inLanguage":"es"},{"@type":"Person","@id":"https:\/\/www.gruporetiro.com\/inversor\/#\/schema\/person\/3a5d6cf1d26e0dd5135faf6241d40248","name":"admin","image":{"@type":"ImageObject","inLanguage":"es","@id":"https:\/\/www.gruporetiro.com\/inversor\/#\/schema\/person\/image\/","url":"https:\/\/secure.gravatar.com\/avatar\/c7afa5962b5f1557592c6cbc45b6b19f538bc0ea853d455320f793b58050f0b8?s=96&d=mm&r=g","contentUrl":"https:\/\/secure.gravatar.com\/avatar\/c7afa5962b5f1557592c6cbc45b6b19f538bc0ea853d455320f793b58050f0b8?s=96&d=mm&r=g","caption":"admin"},"sameAs":["https:\/\/gruporetiro.com\/inversor"],"url":"https:\/\/www.gruporetiro.com\/inversor\/author\/admin\/"}]}},"_links":{"self":[{"href":"https:\/\/www.gruporetiro.com\/inversor\/wp-json\/wp\/v2\/posts\/5467","targetHints":{"allow":["GET"]}}],"collection":[{"href":"https:\/\/www.gruporetiro.com\/inversor\/wp-json\/wp\/v2\/posts"}],"about":[{"href":"https:\/\/www.gruporetiro.com\/inversor\/wp-json\/wp\/v2\/types\/post"}],"author":[{"embeddable":true,"href":"https:\/\/www.gruporetiro.com\/inversor\/wp-json\/wp\/v2\/users\/1"}],"replies":[{"embeddable":true,"href":"https:\/\/www.gruporetiro.com\/inversor\/wp-json\/wp\/v2\/comments?post=5467"}],"version-history":[{"count":0,"href":"https:\/\/www.gruporetiro.com\/inversor\/wp-json\/wp\/v2\/posts\/5467\/revisions"}],"wp:featuredmedia":[{"embeddable":true,"href":"https:\/\/www.gruporetiro.com\/inversor\/wp-json\/wp\/v2\/media\/5458"}],"wp:attachment":[{"href":"https:\/\/www.gruporetiro.com\/inversor\/wp-json\/wp\/v2\/media?parent=5467"}],"wp:term":[{"taxonomy":"category","embeddable":true,"href":"https:\/\/www.gruporetiro.com\/inversor\/wp-json\/wp\/v2\/categories?post=5467"},{"taxonomy":"post_tag","embeddable":true,"href":"https:\/\/www.gruporetiro.com\/inversor\/wp-json\/wp\/v2\/tags?post=5467"}],"curies":[{"name":"wp","href":"https:\/\/api.w.org\/{rel}","templated":true}]}}