{"id":5506,"date":"2015-10-26T18:57:05","date_gmt":"2015-10-26T18:57:05","guid":{"rendered":"http:\/\/inrevi.enrique-sancho.com\/?p=5506"},"modified":"2015-10-26T18:57:05","modified_gmt":"2015-10-26T18:57:05","slug":"la-vivienda-debe-utilizarse-para-que-los-mayores-vivan-en-mejores-condiciones","status":"publish","type":"post","link":"https:\/\/www.gruporetiro.com\/inversor\/2015\/10\/26\/la-vivienda-debe-utilizarse-para-que-los-mayores-vivan-en-mejores-condiciones\/","title":{"rendered":"\u201cLa vivienda debe utilizarse para que los mayores vivan en mejores condiciones\u201d"},"content":{"rendered":"<p><strong>Grupo Retiro<\/strong> es la empresa pionera y l\u00edder en Espa\u00f1a en comercializaci\u00f3n y gesti\u00f3n de las <strong><a href=\"https:\/\/www.gruporetiro.com\/renta-vitalicia\/\" target=\"_blank\" rel=\"noopener\">rentas vitalicias inmobiliarias<\/a><\/strong>, <a href=\"https:\/\/www.gruporetiro.com\/hipoteca-inversa\/\" target=\"_blank\" rel=\"noopener\"><strong>hipotecas inversas<\/strong><\/a> y <a href=\"https:\/\/www.gruporetiro.com\/venta-con-alquiler-garantizado\/\" target=\"_blank\" rel=\"noopener\"><strong>compra-venta con alquiler garantizado<\/strong><\/a> de viviendas de <strong>Personas Mayores<\/strong>. Carlos A. Mart\u00ednez Cerezo es su fundado, as\u00ed como su presidente y consejero delegado. Ayer domingo 25 de octubre, el peri\u00f3dico <strong>La Raz\u00f3n<\/strong> public\u00f3 a una p\u00e1gina una entrevista a nuestro presidente y consejero delegado, Carlos A. Mart\u00ednez Cerezo.\u00a0Les dejamos la entrevista completa:<\/p>\n","protected":false},"excerpt":{"rendered":"<p>Grupo Retiro es la empresa pionera y l\u00edder en Espa\u00f1a en comercializaci\u00f3n y gesti\u00f3n de las rentas vitalicias inmobiliarias, hipotecas inversas y compra-venta con alquiler garantizado de viviendas de Personas Mayores. Carlos A. Mart\u00ednez Cerezo es su fundado, as\u00ed como su presidente y consejero delegado. Ayer domingo 25 de octubre, el peri\u00f3dico La Raz\u00f3n public\u00f3 [&hellip;]<\/p>\n","protected":false},"author":1,"featured_media":5485,"comment_status":"closed","ping_status":"open","sticky":false,"template":"","format":"standard","meta":{"_acf_changed":false,"content-type":"","footnotes":""},"categories":[97,98,92],"tags":[],"class_list":["post-5506","post","type-post","status-publish","format-standard","has-post-thumbnail","hentry","category-compra-con-alquiler-garantizado","category-hipoteca-inversa","category-rentas-vitalicias-inmobiliarias"],"acf":[],"yoast_head":"<!-- This site is optimized with the Yoast SEO plugin v26.9 - https:\/\/yoast.com\/product\/yoast-seo-wordpress\/ -->\n<title>\u201cLa vivienda debe utilizarse para que los mayores vivan en mejores condiciones\u201d - Inversi\u00f3n Renta Vitalicia<\/title>\n<meta name=\"robots\" content=\"index, follow, max-snippet:-1, max-image-preview:large, max-video-preview:-1\" \/>\n<link rel=\"canonical\" href=\"https:\/\/www.gruporetiro.com\/inversor\/2015\/10\/26\/la-vivienda-debe-utilizarse-para-que-los-mayores-vivan-en-mejores-condiciones\/\" \/>\n<meta property=\"og:locale\" content=\"es_ES\" \/>\n<meta property=\"og:type\" content=\"article\" \/>\n<meta property=\"og:title\" content=\"\u201cLa vivienda debe utilizarse para que los mayores vivan en mejores condiciones\u201d - Inversi\u00f3n Renta Vitalicia\" \/>\n<meta property=\"og:description\" content=\"Grupo Retiro es la empresa pionera y l\u00edder en Espa\u00f1a en comercializaci\u00f3n y gesti\u00f3n de las rentas vitalicias inmobiliarias, hipotecas inversas y compra-venta con alquiler garantizado de viviendas de Personas Mayores. Carlos A. Mart\u00ednez Cerezo es su fundado, as\u00ed como su presidente y consejero delegado. Ayer domingo 25 de octubre, el peri\u00f3dico La Raz\u00f3n public\u00f3 [&hellip;]\" \/>\n<meta property=\"og:url\" content=\"https:\/\/www.gruporetiro.com\/inversor\/2015\/10\/26\/la-vivienda-debe-utilizarse-para-que-los-mayores-vivan-en-mejores-condiciones\/\" \/>\n<meta property=\"og:site_name\" content=\"Inversi\u00f3n Renta Vitalicia\" \/>\n<meta property=\"article:published_time\" content=\"2015-10-26T18:57:05+00:00\" \/>\n<meta property=\"og:image\" content=\"https:\/\/www.gruporetiro.com\/inversor\/wp-content\/uploads\/2021\/05\/personas-mayores.jpg\" \/>\n\t<meta property=\"og:image:width\" content=\"320\" \/>\n\t<meta property=\"og:image:height\" content=\"180\" \/>\n\t<meta property=\"og:image:type\" content=\"image\/jpeg\" \/>\n<meta name=\"author\" content=\"admin\" \/>\n<meta name=\"twitter:card\" content=\"summary_large_image\" \/>\n<meta name=\"twitter:label1\" content=\"Escrito por\" \/>\n\t<meta name=\"twitter:data1\" content=\"admin\" \/>\n<script type=\"application\/ld+json\" class=\"yoast-schema-graph\">{\"@context\":\"https:\/\/schema.org\",\"@graph\":[{\"@type\":\"Article\",\"@id\":\"https:\/\/www.gruporetiro.com\/inversor\/2015\/10\/26\/la-vivienda-debe-utilizarse-para-que-los-mayores-vivan-en-mejores-condiciones\/#article\",\"isPartOf\":{\"@id\":\"https:\/\/www.gruporetiro.com\/inversor\/2015\/10\/26\/la-vivienda-debe-utilizarse-para-que-los-mayores-vivan-en-mejores-condiciones\/\"},\"author\":{\"name\":\"admin\",\"@id\":\"https:\/\/www.gruporetiro.com\/inversor\/#\/schema\/person\/3a5d6cf1d26e0dd5135faf6241d40248\"},\"headline\":\"\u201cLa vivienda debe utilizarse para que los mayores vivan en mejores condiciones\u201d\",\"datePublished\":\"2015-10-26T18:57:05+00:00\",\"mainEntityOfPage\":{\"@id\":\"https:\/\/www.gruporetiro.com\/inversor\/2015\/10\/26\/la-vivienda-debe-utilizarse-para-que-los-mayores-vivan-en-mejores-condiciones\/\"},\"wordCount\":95,\"image\":{\"@id\":\"https:\/\/www.gruporetiro.com\/inversor\/2015\/10\/26\/la-vivienda-debe-utilizarse-para-que-los-mayores-vivan-en-mejores-condiciones\/#primaryimage\"},\"thumbnailUrl\":\"https:\/\/www.gruporetiro.com\/inversor\/wp-content\/uploads\/2021\/05\/personas-mayores.jpg\",\"articleSection\":[\"Compra con Alquiler Garantizado\",\"Hipoteca Inversa\",\"Rentas Vitalicias Inmobiliarias\"],\"inLanguage\":\"es\"},{\"@type\":\"WebPage\",\"@id\":\"https:\/\/www.gruporetiro.com\/inversor\/2015\/10\/26\/la-vivienda-debe-utilizarse-para-que-los-mayores-vivan-en-mejores-condiciones\/\",\"url\":\"https:\/\/www.gruporetiro.com\/inversor\/2015\/10\/26\/la-vivienda-debe-utilizarse-para-que-los-mayores-vivan-en-mejores-condiciones\/\",\"name\":\"\u201cLa vivienda debe utilizarse para que los mayores vivan en mejores condiciones\u201d - Inversi\u00f3n Renta Vitalicia\",\"isPartOf\":{\"@id\":\"https:\/\/www.gruporetiro.com\/inversor\/#website\"},\"primaryImageOfPage\":{\"@id\":\"https:\/\/www.gruporetiro.com\/inversor\/2015\/10\/26\/la-vivienda-debe-utilizarse-para-que-los-mayores-vivan-en-mejores-condiciones\/#primaryimage\"},\"image\":{\"@id\":\"https:\/\/www.gruporetiro.com\/inversor\/2015\/10\/26\/la-vivienda-debe-utilizarse-para-que-los-mayores-vivan-en-mejores-condiciones\/#primaryimage\"},\"thumbnailUrl\":\"https:\/\/www.gruporetiro.com\/inversor\/wp-content\/uploads\/2021\/05\/personas-mayores.jpg\",\"datePublished\":\"2015-10-26T18:57:05+00:00\",\"author\":{\"@id\":\"https:\/\/www.gruporetiro.com\/inversor\/#\/schema\/person\/3a5d6cf1d26e0dd5135faf6241d40248\"},\"breadcrumb\":{\"@id\":\"https:\/\/www.gruporetiro.com\/inversor\/2015\/10\/26\/la-vivienda-debe-utilizarse-para-que-los-mayores-vivan-en-mejores-condiciones\/#breadcrumb\"},\"inLanguage\":\"es\",\"potentialAction\":[{\"@type\":\"ReadAction\",\"target\":[\"https:\/\/www.gruporetiro.com\/inversor\/2015\/10\/26\/la-vivienda-debe-utilizarse-para-que-los-mayores-vivan-en-mejores-condiciones\/\"]}]},{\"@type\":\"ImageObject\",\"inLanguage\":\"es\",\"@id\":\"https:\/\/www.gruporetiro.com\/inversor\/2015\/10\/26\/la-vivienda-debe-utilizarse-para-que-los-mayores-vivan-en-mejores-condiciones\/#primaryimage\",\"url\":\"https:\/\/www.gruporetiro.com\/inversor\/wp-content\/uploads\/2021\/05\/personas-mayores.jpg\",\"contentUrl\":\"https:\/\/www.gruporetiro.com\/inversor\/wp-content\/uploads\/2021\/05\/personas-mayores.jpg\",\"width\":320,\"height\":180},{\"@type\":\"BreadcrumbList\",\"@id\":\"https:\/\/www.gruporetiro.com\/inversor\/2015\/10\/26\/la-vivienda-debe-utilizarse-para-que-los-mayores-vivan-en-mejores-condiciones\/#breadcrumb\",\"itemListElement\":[{\"@type\":\"ListItem\",\"position\":1,\"name\":\"Portada\",\"item\":\"https:\/\/www.gruporetiro.com\/inversor\/\"},{\"@type\":\"ListItem\",\"position\":2,\"name\":\"\u201cLa vivienda debe utilizarse para que los mayores vivan en mejores condiciones\u201d\"}]},{\"@type\":\"WebSite\",\"@id\":\"https:\/\/www.gruporetiro.com\/inversor\/#website\",\"url\":\"https:\/\/www.gruporetiro.com\/inversor\/\",\"name\":\"Inversi\u00f3n Renta Vitalicia\",\"description\":\"\",\"potentialAction\":[{\"@type\":\"SearchAction\",\"target\":{\"@type\":\"EntryPoint\",\"urlTemplate\":\"https:\/\/www.gruporetiro.com\/inversor\/?s={search_term_string}\"},\"query-input\":{\"@type\":\"PropertyValueSpecification\",\"valueRequired\":true,\"valueName\":\"search_term_string\"}}],\"inLanguage\":\"es\"},{\"@type\":\"Person\",\"@id\":\"https:\/\/www.gruporetiro.com\/inversor\/#\/schema\/person\/3a5d6cf1d26e0dd5135faf6241d40248\",\"name\":\"admin\",\"image\":{\"@type\":\"ImageObject\",\"inLanguage\":\"es\",\"@id\":\"https:\/\/www.gruporetiro.com\/inversor\/#\/schema\/person\/image\/\",\"url\":\"https:\/\/secure.gravatar.com\/avatar\/c7afa5962b5f1557592c6cbc45b6b19f538bc0ea853d455320f793b58050f0b8?s=96&d=mm&r=g\",\"contentUrl\":\"https:\/\/secure.gravatar.com\/avatar\/c7afa5962b5f1557592c6cbc45b6b19f538bc0ea853d455320f793b58050f0b8?s=96&d=mm&r=g\",\"caption\":\"admin\"},\"sameAs\":[\"https:\/\/gruporetiro.com\/inversor\"],\"url\":\"https:\/\/www.gruporetiro.com\/inversor\/author\/admin\/\"}]}<\/script>\n<!-- \/ Yoast SEO plugin. -->","yoast_head_json":{"title":"\u201cLa vivienda debe utilizarse para que los mayores vivan en mejores condiciones\u201d - Inversi\u00f3n Renta Vitalicia","robots":{"index":"index","follow":"follow","max-snippet":"max-snippet:-1","max-image-preview":"max-image-preview:large","max-video-preview":"max-video-preview:-1"},"canonical":"https:\/\/www.gruporetiro.com\/inversor\/2015\/10\/26\/la-vivienda-debe-utilizarse-para-que-los-mayores-vivan-en-mejores-condiciones\/","og_locale":"es_ES","og_type":"article","og_title":"\u201cLa vivienda debe utilizarse para que los mayores vivan en mejores condiciones\u201d - Inversi\u00f3n Renta Vitalicia","og_description":"Grupo Retiro es la empresa pionera y l\u00edder en Espa\u00f1a en comercializaci\u00f3n y gesti\u00f3n de las rentas vitalicias inmobiliarias, hipotecas inversas y compra-venta con alquiler garantizado de viviendas de Personas Mayores. Carlos A. Mart\u00ednez Cerezo es su fundado, as\u00ed como su presidente y consejero delegado. Ayer domingo 25 de octubre, el peri\u00f3dico La Raz\u00f3n public\u00f3 [&hellip;]","og_url":"https:\/\/www.gruporetiro.com\/inversor\/2015\/10\/26\/la-vivienda-debe-utilizarse-para-que-los-mayores-vivan-en-mejores-condiciones\/","og_site_name":"Inversi\u00f3n Renta Vitalicia","article_published_time":"2015-10-26T18:57:05+00:00","og_image":[{"width":320,"height":180,"url":"https:\/\/www.gruporetiro.com\/inversor\/wp-content\/uploads\/2021\/05\/personas-mayores.jpg","type":"image\/jpeg"}],"author":"admin","twitter_card":"summary_large_image","twitter_misc":{"Escrito por":"admin"},"schema":{"@context":"https:\/\/schema.org","@graph":[{"@type":"Article","@id":"https:\/\/www.gruporetiro.com\/inversor\/2015\/10\/26\/la-vivienda-debe-utilizarse-para-que-los-mayores-vivan-en-mejores-condiciones\/#article","isPartOf":{"@id":"https:\/\/www.gruporetiro.com\/inversor\/2015\/10\/26\/la-vivienda-debe-utilizarse-para-que-los-mayores-vivan-en-mejores-condiciones\/"},"author":{"name":"admin","@id":"https:\/\/www.gruporetiro.com\/inversor\/#\/schema\/person\/3a5d6cf1d26e0dd5135faf6241d40248"},"headline":"\u201cLa vivienda debe utilizarse para que los mayores vivan en mejores condiciones\u201d","datePublished":"2015-10-26T18:57:05+00:00","mainEntityOfPage":{"@id":"https:\/\/www.gruporetiro.com\/inversor\/2015\/10\/26\/la-vivienda-debe-utilizarse-para-que-los-mayores-vivan-en-mejores-condiciones\/"},"wordCount":95,"image":{"@id":"https:\/\/www.gruporetiro.com\/inversor\/2015\/10\/26\/la-vivienda-debe-utilizarse-para-que-los-mayores-vivan-en-mejores-condiciones\/#primaryimage"},"thumbnailUrl":"https:\/\/www.gruporetiro.com\/inversor\/wp-content\/uploads\/2021\/05\/personas-mayores.jpg","articleSection":["Compra con Alquiler Garantizado","Hipoteca Inversa","Rentas Vitalicias Inmobiliarias"],"inLanguage":"es"},{"@type":"WebPage","@id":"https:\/\/www.gruporetiro.com\/inversor\/2015\/10\/26\/la-vivienda-debe-utilizarse-para-que-los-mayores-vivan-en-mejores-condiciones\/","url":"https:\/\/www.gruporetiro.com\/inversor\/2015\/10\/26\/la-vivienda-debe-utilizarse-para-que-los-mayores-vivan-en-mejores-condiciones\/","name":"\u201cLa vivienda debe utilizarse para que los mayores vivan en mejores condiciones\u201d - Inversi\u00f3n Renta Vitalicia","isPartOf":{"@id":"https:\/\/www.gruporetiro.com\/inversor\/#website"},"primaryImageOfPage":{"@id":"https:\/\/www.gruporetiro.com\/inversor\/2015\/10\/26\/la-vivienda-debe-utilizarse-para-que-los-mayores-vivan-en-mejores-condiciones\/#primaryimage"},"image":{"@id":"https:\/\/www.gruporetiro.com\/inversor\/2015\/10\/26\/la-vivienda-debe-utilizarse-para-que-los-mayores-vivan-en-mejores-condiciones\/#primaryimage"},"thumbnailUrl":"https:\/\/www.gruporetiro.com\/inversor\/wp-content\/uploads\/2021\/05\/personas-mayores.jpg","datePublished":"2015-10-26T18:57:05+00:00","author":{"@id":"https:\/\/www.gruporetiro.com\/inversor\/#\/schema\/person\/3a5d6cf1d26e0dd5135faf6241d40248"},"breadcrumb":{"@id":"https:\/\/www.gruporetiro.com\/inversor\/2015\/10\/26\/la-vivienda-debe-utilizarse-para-que-los-mayores-vivan-en-mejores-condiciones\/#breadcrumb"},"inLanguage":"es","potentialAction":[{"@type":"ReadAction","target":["https:\/\/www.gruporetiro.com\/inversor\/2015\/10\/26\/la-vivienda-debe-utilizarse-para-que-los-mayores-vivan-en-mejores-condiciones\/"]}]},{"@type":"ImageObject","inLanguage":"es","@id":"https:\/\/www.gruporetiro.com\/inversor\/2015\/10\/26\/la-vivienda-debe-utilizarse-para-que-los-mayores-vivan-en-mejores-condiciones\/#primaryimage","url":"https:\/\/www.gruporetiro.com\/inversor\/wp-content\/uploads\/2021\/05\/personas-mayores.jpg","contentUrl":"https:\/\/www.gruporetiro.com\/inversor\/wp-content\/uploads\/2021\/05\/personas-mayores.jpg","width":320,"height":180},{"@type":"BreadcrumbList","@id":"https:\/\/www.gruporetiro.com\/inversor\/2015\/10\/26\/la-vivienda-debe-utilizarse-para-que-los-mayores-vivan-en-mejores-condiciones\/#breadcrumb","itemListElement":[{"@type":"ListItem","position":1,"name":"Portada","item":"https:\/\/www.gruporetiro.com\/inversor\/"},{"@type":"ListItem","position":2,"name":"\u201cLa vivienda debe utilizarse para que los mayores vivan en mejores condiciones\u201d"}]},{"@type":"WebSite","@id":"https:\/\/www.gruporetiro.com\/inversor\/#website","url":"https:\/\/www.gruporetiro.com\/inversor\/","name":"Inversi\u00f3n Renta Vitalicia","description":"","potentialAction":[{"@type":"SearchAction","target":{"@type":"EntryPoint","urlTemplate":"https:\/\/www.gruporetiro.com\/inversor\/?s={search_term_string}"},"query-input":{"@type":"PropertyValueSpecification","valueRequired":true,"valueName":"search_term_string"}}],"inLanguage":"es"},{"@type":"Person","@id":"https:\/\/www.gruporetiro.com\/inversor\/#\/schema\/person\/3a5d6cf1d26e0dd5135faf6241d40248","name":"admin","image":{"@type":"ImageObject","inLanguage":"es","@id":"https:\/\/www.gruporetiro.com\/inversor\/#\/schema\/person\/image\/","url":"https:\/\/secure.gravatar.com\/avatar\/c7afa5962b5f1557592c6cbc45b6b19f538bc0ea853d455320f793b58050f0b8?s=96&d=mm&r=g","contentUrl":"https:\/\/secure.gravatar.com\/avatar\/c7afa5962b5f1557592c6cbc45b6b19f538bc0ea853d455320f793b58050f0b8?s=96&d=mm&r=g","caption":"admin"},"sameAs":["https:\/\/gruporetiro.com\/inversor"],"url":"https:\/\/www.gruporetiro.com\/inversor\/author\/admin\/"}]}},"_links":{"self":[{"href":"https:\/\/www.gruporetiro.com\/inversor\/wp-json\/wp\/v2\/posts\/5506","targetHints":{"allow":["GET"]}}],"collection":[{"href":"https:\/\/www.gruporetiro.com\/inversor\/wp-json\/wp\/v2\/posts"}],"about":[{"href":"https:\/\/www.gruporetiro.com\/inversor\/wp-json\/wp\/v2\/types\/post"}],"author":[{"embeddable":true,"href":"https:\/\/www.gruporetiro.com\/inversor\/wp-json\/wp\/v2\/users\/1"}],"replies":[{"embeddable":true,"href":"https:\/\/www.gruporetiro.com\/inversor\/wp-json\/wp\/v2\/comments?post=5506"}],"version-history":[{"count":0,"href":"https:\/\/www.gruporetiro.com\/inversor\/wp-json\/wp\/v2\/posts\/5506\/revisions"}],"wp:featuredmedia":[{"embeddable":true,"href":"https:\/\/www.gruporetiro.com\/inversor\/wp-json\/wp\/v2\/media\/5485"}],"wp:attachment":[{"href":"https:\/\/www.gruporetiro.com\/inversor\/wp-json\/wp\/v2\/media?parent=5506"}],"wp:term":[{"taxonomy":"category","embeddable":true,"href":"https:\/\/www.gruporetiro.com\/inversor\/wp-json\/wp\/v2\/categories?post=5506"},{"taxonomy":"post_tag","embeddable":true,"href":"https:\/\/www.gruporetiro.com\/inversor\/wp-json\/wp\/v2\/tags?post=5506"}],"curies":[{"name":"wp","href":"https:\/\/api.w.org\/{rel}","templated":true}]}}