{"id":5672,"date":"2020-12-23T19:40:54","date_gmt":"2020-12-23T19:40:54","guid":{"rendered":"http:\/\/inrevi.enrique-sancho.com\/?p=5672"},"modified":"2020-12-23T19:40:54","modified_gmt":"2020-12-23T19:40:54","slug":"nueva-oportunidad-de-inversion-locales-comerciales-para-reconvertirlos-en-viviendas","status":"publish","type":"post","link":"https:\/\/www.gruporetiro.com\/inversor\/2020\/12\/23\/nueva-oportunidad-de-inversion-locales-comerciales-para-reconvertirlos-en-viviendas\/","title":{"rendered":"Nueva oportunidad de inversi\u00f3n: Locales comerciales para reconvertirlos en viviendas"},"content":{"rendered":"<p>Este at\u00edpico 2020 nos ha \u201cobligado\u201d a buscar soluciones para poder <strong>rentabilizar<\/strong> algunos bienes inmuebles en los que hab\u00edamos invertido.<span id=\"more-9691\"><\/span><\/p>\n<p>Sobre todo, en los<strong> locales comerciales<\/strong>, cuya oferta ha crecido al mismo ritmo que han cerrado negocios en Espa\u00f1a debido a la <strong>grave crisis econ\u00f3mica<\/strong> que asola el pa\u00eds.<\/p>\n<blockquote><p>Ya en Octubre de 2013, la Sala Primera del Tribunal Supremo, confirm\u00f3 el derecho que tiene todo propietario de un piso o local a utilizarlos como considere m\u00e1s adecuado, salvo que el cambio est\u00e9 expresamente prohibido o que el cambio aparezca expresamente limitado por el r\u00e9gimen de propiedad horizontal.<\/p><\/blockquote>\n<h2>Requisitos para transformar un local comercial y reconvertirlo en vivienda para el alquiler<\/h2>\n<p>A priori, un local comercial no es legalmente una vivienda, <strong>hay que tramitar una serie de licencias y llevar a cabo una serie de reformas<\/strong> que os vamos a detallar a continuaci\u00f3n:<\/p>\n<p>Al realizar obras o reformas, se considera que se est\u00e1 construyendo una obra nueva, por lo que primero habr\u00eda que solicitar un<strong> cambio de uso<\/strong> y, una vez finalizadas las obras, solicitar una <strong>licencia de Primera Ocupaci\u00f3n<\/strong> (Ser\u00e1 necesaria la figura de un arquitecto que realice el proyecto)<\/p>\n<p>Una vez realizado esto, hay que acudir al <strong>notario<\/strong> para redactar una <strong>escritura de cambio de uso<\/strong> y finalmente llevarla al<strong> registro de la propiedad.<\/strong><\/p>\n<p>El local a convertir en vivienda <strong>debe cumplir una serie de requisito<\/strong>s de acuerdo \u00a0con las condiciones de habitabilidad establecidas por la normativa urban\u00edstica vigente en el Ayuntamiento en el que se encuentra el local en cuesti\u00f3n. Estas <strong>dependen de cada ayuntamiento<\/strong>, por ejemplo, en <strong>Madrid<\/strong> son:<\/p>\n<ul>\n<li>Se considera como vivienda m\u00ednima aquella que cuenta con, estancia-comedor, cocina, dormitorio y aseo, y cuya superficie \u00fatil sea superior a 38 metros cuadrados o 25 metros cuadrados, si lo que se quiere es realizar un estudio.<\/li>\n<li>Nivel de suelo: Ninguna vivienda tendr\u00e1 pieza habitable alguna (dormitorios, sal\u00f3n o cocina) con el suelo por debajo del nivel de la acera.<\/li>\n<li>Ser\u00e1 obligatorio ocupar\u00a0una fachada en una longitud superior a 3 metros.<\/li>\n<li>Habr\u00e1 una pieza habitable tangente al espacio exterior con una superficie \u00fatil superior a 12 metros cuadrados.<\/li>\n<li>Dispondr\u00e1 de cocina, que al ser una pieza en la que se produce combusti\u00f3n o gases, contar\u00e1 con una chimenea para su evacuaci\u00f3n directamente a cubierta<\/li>\n<li>La altura libre m\u00ednima de piso en cada vivienda ser\u00e1 de 250 cm, al menos en el 75% de su superficie \u00fatil, pudiendo reducirse hasta 220 cm en el resto.<\/li>\n<li>Dispondr\u00e1 una puerta de acceso de dimensiones m\u00ednimas de 203 cm de altura y 825 mm de anchura.<\/li>\n<li>Las dimensiones m\u00ednimas de las hojas de las puertas de acceso a las piezas de la vivienda ser\u00e1n de 203 cm de altura, de 625 mm de anchura para los cuartos de aseo y 725 mm para el resto de las piezas.<\/li>\n<li>Los huecos de iluminaci\u00f3n natural deber\u00e1n tener una superficie no inferior al 12% de la superficie \u00fatil de la pieza habitable.<\/li>\n<li>Cada una de las piezas habitables dispondr\u00e1 de una superficie practicable a efectos de ventilaci\u00f3n natural directa no inferior al 8% de la superficie \u00fatil de la pieza.<\/li>\n<li>Para que una ventana se pueda computar a efectos de ventilaci\u00f3n e iluminaci\u00f3n, \u00e9sta ha de estar en un paramento vertical (pared), no teni\u00e9ndose en cuenta las ventanas tipo \u201cvelux\u201d ni claraboyas salvo en las plantas \u00e1tico. Adem\u00e1s, la ventana ha de dar a la v\u00eda p\u00fablica (calle) o a un patio interior de como m\u00ednimo 3\u00d73 m.<\/li>\n<li>Debe cumplir con las condiciones de accesibilidad y seguridad en materia de prevenci\u00f3n de incendios.<\/li>\n<\/ul>\n<p>Las principales limitaciones para obtener la licencia de cambio de uso, es el cumplimiento del <strong>C\u00f3digo T\u00e9cnico de la Edificaci\u00f3n.<\/strong><\/p>\n<h2>Otras consideraciones que se deber\u00edan tener a la hora de la distribuci\u00f3n son:<\/h2>\n<ul>\n<li>La superficie m\u00ednima de las estancias:<\/li>\n<\/ul>\n<ol>\n<li>Dormitorio doble: 10 metros cuadrados.<\/li>\n<li>Dormitorio individual 6 metros cuadrados.<\/li>\n<li>Sal\u00f3n 10 metros cuadrados.<\/li>\n<li>Cocina: 5 metros cuadrados<\/li>\n<\/ol>\n<p>** Si queremos hacer un sal\u00f3n-cocina, tiene que tener como m\u00ednimo 14 metros cuadrados.<\/p>\n<ol start=\"5\">\n<li>Aseo: 1,5 metros cuadrados.<\/li>\n<\/ol>\n<ul>\n<li>El pasillo de la vivienda debe tener un ancho m\u00ednimo de 85 metros cuadrados.<\/li>\n<\/ul>\n<p><strong>Reconvertir un local comercial en una vivienda para destinarla al alquiler <\/strong>es una nueva <strong>oportunidad de inversi\u00f3n.<\/strong><\/p>\n","protected":false},"excerpt":{"rendered":"<p>Este at\u00edpico 2020 nos ha \u201cobligado\u201d a buscar soluciones para poder rentabilizar algunos bienes inmuebles en los que hab\u00edamos invertido. Sobre todo, en los locales comerciales, cuya oferta ha crecido al mismo ritmo que han cerrado negocios en Espa\u00f1a debido a la grave crisis econ\u00f3mica que asola el pa\u00eds. Ya en Octubre de 2013, la [&hellip;]<\/p>\n","protected":false},"author":1,"featured_media":5655,"comment_status":"closed","ping_status":"open","sticky":false,"template":"elementor_theme","format":"standard","meta":{"_acf_changed":false,"content-type":"","footnotes":""},"categories":[90],"tags":[],"class_list":["post-5672","post","type-post","status-publish","format-standard","has-post-thumbnail","hentry","category-inversion"],"acf":[],"yoast_head":"<!-- This site is optimized with the Yoast SEO plugin v26.9 - https:\/\/yoast.com\/product\/yoast-seo-wordpress\/ -->\n<title>Nueva oportunidad de inversi\u00f3n: Locales comerciales para reconvertirlos en viviendas - Inversi\u00f3n Renta Vitalicia<\/title>\n<meta name=\"robots\" content=\"index, follow, max-snippet:-1, max-image-preview:large, max-video-preview:-1\" \/>\n<link rel=\"canonical\" href=\"https:\/\/www.gruporetiro.com\/inversor\/2020\/12\/23\/nueva-oportunidad-de-inversion-locales-comerciales-para-reconvertirlos-en-viviendas\/\" \/>\n<meta property=\"og:locale\" content=\"es_ES\" \/>\n<meta property=\"og:type\" content=\"article\" \/>\n<meta property=\"og:title\" content=\"Nueva oportunidad de inversi\u00f3n: Locales comerciales para reconvertirlos en viviendas - Inversi\u00f3n Renta Vitalicia\" \/>\n<meta property=\"og:description\" content=\"Este at\u00edpico 2020 nos ha \u201cobligado\u201d a buscar soluciones para poder rentabilizar algunos bienes inmuebles en los que hab\u00edamos invertido. Sobre todo, en los locales comerciales, cuya oferta ha crecido al mismo ritmo que han cerrado negocios en Espa\u00f1a debido a la grave crisis econ\u00f3mica que asola el pa\u00eds. Ya en Octubre de 2013, la [&hellip;]\" \/>\n<meta property=\"og:url\" content=\"https:\/\/www.gruporetiro.com\/inversor\/2020\/12\/23\/nueva-oportunidad-de-inversion-locales-comerciales-para-reconvertirlos-en-viviendas\/\" \/>\n<meta property=\"og:site_name\" content=\"Inversi\u00f3n Renta Vitalicia\" \/>\n<meta property=\"article:published_time\" content=\"2020-12-23T19:40:54+00:00\" \/>\n<meta property=\"og:image\" content=\"https:\/\/www.gruporetiro.com\/inversor\/wp-content\/uploads\/2021\/05\/oportunidad-inverson-local-reconvertirlo-vivienda.jpg\" \/>\n\t<meta property=\"og:image:width\" content=\"350\" \/>\n\t<meta property=\"og:image:height\" content=\"200\" \/>\n\t<meta property=\"og:image:type\" content=\"image\/jpeg\" \/>\n<meta name=\"author\" content=\"admin\" \/>\n<meta name=\"twitter:card\" content=\"summary_large_image\" \/>\n<meta name=\"twitter:label1\" content=\"Escrito por\" \/>\n\t<meta name=\"twitter:data1\" content=\"admin\" \/>\n\t<meta name=\"twitter:label2\" content=\"Tiempo de lectura\" \/>\n\t<meta name=\"twitter:data2\" content=\"4 minutos\" \/>\n<script type=\"application\/ld+json\" class=\"yoast-schema-graph\">{\"@context\":\"https:\/\/schema.org\",\"@graph\":[{\"@type\":\"Article\",\"@id\":\"https:\/\/www.gruporetiro.com\/inversor\/2020\/12\/23\/nueva-oportunidad-de-inversion-locales-comerciales-para-reconvertirlos-en-viviendas\/#article\",\"isPartOf\":{\"@id\":\"https:\/\/www.gruporetiro.com\/inversor\/2020\/12\/23\/nueva-oportunidad-de-inversion-locales-comerciales-para-reconvertirlos-en-viviendas\/\"},\"author\":{\"name\":\"admin\",\"@id\":\"https:\/\/www.gruporetiro.com\/inversor\/#\/schema\/person\/3a5d6cf1d26e0dd5135faf6241d40248\"},\"headline\":\"Nueva oportunidad de inversi\u00f3n: Locales comerciales para reconvertirlos en viviendas\",\"datePublished\":\"2020-12-23T19:40:54+00:00\",\"mainEntityOfPage\":{\"@id\":\"https:\/\/www.gruporetiro.com\/inversor\/2020\/12\/23\/nueva-oportunidad-de-inversion-locales-comerciales-para-reconvertirlos-en-viviendas\/\"},\"wordCount\":724,\"image\":{\"@id\":\"https:\/\/www.gruporetiro.com\/inversor\/2020\/12\/23\/nueva-oportunidad-de-inversion-locales-comerciales-para-reconvertirlos-en-viviendas\/#primaryimage\"},\"thumbnailUrl\":\"https:\/\/www.gruporetiro.com\/inversor\/wp-content\/uploads\/2021\/05\/oportunidad-inverson-local-reconvertirlo-vivienda.jpg\",\"articleSection\":[\"Inversi\u00f3n\"],\"inLanguage\":\"es\"},{\"@type\":\"WebPage\",\"@id\":\"https:\/\/www.gruporetiro.com\/inversor\/2020\/12\/23\/nueva-oportunidad-de-inversion-locales-comerciales-para-reconvertirlos-en-viviendas\/\",\"url\":\"https:\/\/www.gruporetiro.com\/inversor\/2020\/12\/23\/nueva-oportunidad-de-inversion-locales-comerciales-para-reconvertirlos-en-viviendas\/\",\"name\":\"Nueva oportunidad de inversi\u00f3n: Locales comerciales para reconvertirlos en viviendas - Inversi\u00f3n Renta Vitalicia\",\"isPartOf\":{\"@id\":\"https:\/\/www.gruporetiro.com\/inversor\/#website\"},\"primaryImageOfPage\":{\"@id\":\"https:\/\/www.gruporetiro.com\/inversor\/2020\/12\/23\/nueva-oportunidad-de-inversion-locales-comerciales-para-reconvertirlos-en-viviendas\/#primaryimage\"},\"image\":{\"@id\":\"https:\/\/www.gruporetiro.com\/inversor\/2020\/12\/23\/nueva-oportunidad-de-inversion-locales-comerciales-para-reconvertirlos-en-viviendas\/#primaryimage\"},\"thumbnailUrl\":\"https:\/\/www.gruporetiro.com\/inversor\/wp-content\/uploads\/2021\/05\/oportunidad-inverson-local-reconvertirlo-vivienda.jpg\",\"datePublished\":\"2020-12-23T19:40:54+00:00\",\"author\":{\"@id\":\"https:\/\/www.gruporetiro.com\/inversor\/#\/schema\/person\/3a5d6cf1d26e0dd5135faf6241d40248\"},\"breadcrumb\":{\"@id\":\"https:\/\/www.gruporetiro.com\/inversor\/2020\/12\/23\/nueva-oportunidad-de-inversion-locales-comerciales-para-reconvertirlos-en-viviendas\/#breadcrumb\"},\"inLanguage\":\"es\",\"potentialAction\":[{\"@type\":\"ReadAction\",\"target\":[\"https:\/\/www.gruporetiro.com\/inversor\/2020\/12\/23\/nueva-oportunidad-de-inversion-locales-comerciales-para-reconvertirlos-en-viviendas\/\"]}]},{\"@type\":\"ImageObject\",\"inLanguage\":\"es\",\"@id\":\"https:\/\/www.gruporetiro.com\/inversor\/2020\/12\/23\/nueva-oportunidad-de-inversion-locales-comerciales-para-reconvertirlos-en-viviendas\/#primaryimage\",\"url\":\"https:\/\/www.gruporetiro.com\/inversor\/wp-content\/uploads\/2021\/05\/oportunidad-inverson-local-reconvertirlo-vivienda.jpg\",\"contentUrl\":\"https:\/\/www.gruporetiro.com\/inversor\/wp-content\/uploads\/2021\/05\/oportunidad-inverson-local-reconvertirlo-vivienda.jpg\",\"width\":350,\"height\":200,\"caption\":\"Girl visiting grandma. Back view of young and elderly women standing and looking out window. Family and taking care concept\"},{\"@type\":\"BreadcrumbList\",\"@id\":\"https:\/\/www.gruporetiro.com\/inversor\/2020\/12\/23\/nueva-oportunidad-de-inversion-locales-comerciales-para-reconvertirlos-en-viviendas\/#breadcrumb\",\"itemListElement\":[{\"@type\":\"ListItem\",\"position\":1,\"name\":\"Portada\",\"item\":\"https:\/\/www.gruporetiro.com\/inversor\/\"},{\"@type\":\"ListItem\",\"position\":2,\"name\":\"Nueva oportunidad de inversi\u00f3n: Locales comerciales para reconvertirlos en viviendas\"}]},{\"@type\":\"WebSite\",\"@id\":\"https:\/\/www.gruporetiro.com\/inversor\/#website\",\"url\":\"https:\/\/www.gruporetiro.com\/inversor\/\",\"name\":\"Inversi\u00f3n Renta Vitalicia\",\"description\":\"\",\"potentialAction\":[{\"@type\":\"SearchAction\",\"target\":{\"@type\":\"EntryPoint\",\"urlTemplate\":\"https:\/\/www.gruporetiro.com\/inversor\/?s={search_term_string}\"},\"query-input\":{\"@type\":\"PropertyValueSpecification\",\"valueRequired\":true,\"valueName\":\"search_term_string\"}}],\"inLanguage\":\"es\"},{\"@type\":\"Person\",\"@id\":\"https:\/\/www.gruporetiro.com\/inversor\/#\/schema\/person\/3a5d6cf1d26e0dd5135faf6241d40248\",\"name\":\"admin\",\"image\":{\"@type\":\"ImageObject\",\"inLanguage\":\"es\",\"@id\":\"https:\/\/www.gruporetiro.com\/inversor\/#\/schema\/person\/image\/\",\"url\":\"https:\/\/secure.gravatar.com\/avatar\/c7afa5962b5f1557592c6cbc45b6b19f538bc0ea853d455320f793b58050f0b8?s=96&d=mm&r=g\",\"contentUrl\":\"https:\/\/secure.gravatar.com\/avatar\/c7afa5962b5f1557592c6cbc45b6b19f538bc0ea853d455320f793b58050f0b8?s=96&d=mm&r=g\",\"caption\":\"admin\"},\"sameAs\":[\"https:\/\/gruporetiro.com\/inversor\"],\"url\":\"https:\/\/www.gruporetiro.com\/inversor\/author\/admin\/\"}]}<\/script>\n<!-- \/ Yoast SEO plugin. -->","yoast_head_json":{"title":"Nueva oportunidad de inversi\u00f3n: Locales comerciales para reconvertirlos en viviendas - Inversi\u00f3n Renta Vitalicia","robots":{"index":"index","follow":"follow","max-snippet":"max-snippet:-1","max-image-preview":"max-image-preview:large","max-video-preview":"max-video-preview:-1"},"canonical":"https:\/\/www.gruporetiro.com\/inversor\/2020\/12\/23\/nueva-oportunidad-de-inversion-locales-comerciales-para-reconvertirlos-en-viviendas\/","og_locale":"es_ES","og_type":"article","og_title":"Nueva oportunidad de inversi\u00f3n: Locales comerciales para reconvertirlos en viviendas - Inversi\u00f3n Renta Vitalicia","og_description":"Este at\u00edpico 2020 nos ha \u201cobligado\u201d a buscar soluciones para poder rentabilizar algunos bienes inmuebles en los que hab\u00edamos invertido. Sobre todo, en los locales comerciales, cuya oferta ha crecido al mismo ritmo que han cerrado negocios en Espa\u00f1a debido a la grave crisis econ\u00f3mica que asola el pa\u00eds. Ya en Octubre de 2013, la [&hellip;]","og_url":"https:\/\/www.gruporetiro.com\/inversor\/2020\/12\/23\/nueva-oportunidad-de-inversion-locales-comerciales-para-reconvertirlos-en-viviendas\/","og_site_name":"Inversi\u00f3n Renta Vitalicia","article_published_time":"2020-12-23T19:40:54+00:00","og_image":[{"width":350,"height":200,"url":"https:\/\/www.gruporetiro.com\/inversor\/wp-content\/uploads\/2021\/05\/oportunidad-inverson-local-reconvertirlo-vivienda.jpg","type":"image\/jpeg"}],"author":"admin","twitter_card":"summary_large_image","twitter_misc":{"Escrito por":"admin","Tiempo de lectura":"4 minutos"},"schema":{"@context":"https:\/\/schema.org","@graph":[{"@type":"Article","@id":"https:\/\/www.gruporetiro.com\/inversor\/2020\/12\/23\/nueva-oportunidad-de-inversion-locales-comerciales-para-reconvertirlos-en-viviendas\/#article","isPartOf":{"@id":"https:\/\/www.gruporetiro.com\/inversor\/2020\/12\/23\/nueva-oportunidad-de-inversion-locales-comerciales-para-reconvertirlos-en-viviendas\/"},"author":{"name":"admin","@id":"https:\/\/www.gruporetiro.com\/inversor\/#\/schema\/person\/3a5d6cf1d26e0dd5135faf6241d40248"},"headline":"Nueva oportunidad de inversi\u00f3n: Locales comerciales para reconvertirlos en viviendas","datePublished":"2020-12-23T19:40:54+00:00","mainEntityOfPage":{"@id":"https:\/\/www.gruporetiro.com\/inversor\/2020\/12\/23\/nueva-oportunidad-de-inversion-locales-comerciales-para-reconvertirlos-en-viviendas\/"},"wordCount":724,"image":{"@id":"https:\/\/www.gruporetiro.com\/inversor\/2020\/12\/23\/nueva-oportunidad-de-inversion-locales-comerciales-para-reconvertirlos-en-viviendas\/#primaryimage"},"thumbnailUrl":"https:\/\/www.gruporetiro.com\/inversor\/wp-content\/uploads\/2021\/05\/oportunidad-inverson-local-reconvertirlo-vivienda.jpg","articleSection":["Inversi\u00f3n"],"inLanguage":"es"},{"@type":"WebPage","@id":"https:\/\/www.gruporetiro.com\/inversor\/2020\/12\/23\/nueva-oportunidad-de-inversion-locales-comerciales-para-reconvertirlos-en-viviendas\/","url":"https:\/\/www.gruporetiro.com\/inversor\/2020\/12\/23\/nueva-oportunidad-de-inversion-locales-comerciales-para-reconvertirlos-en-viviendas\/","name":"Nueva oportunidad de inversi\u00f3n: Locales comerciales para reconvertirlos en viviendas - Inversi\u00f3n Renta Vitalicia","isPartOf":{"@id":"https:\/\/www.gruporetiro.com\/inversor\/#website"},"primaryImageOfPage":{"@id":"https:\/\/www.gruporetiro.com\/inversor\/2020\/12\/23\/nueva-oportunidad-de-inversion-locales-comerciales-para-reconvertirlos-en-viviendas\/#primaryimage"},"image":{"@id":"https:\/\/www.gruporetiro.com\/inversor\/2020\/12\/23\/nueva-oportunidad-de-inversion-locales-comerciales-para-reconvertirlos-en-viviendas\/#primaryimage"},"thumbnailUrl":"https:\/\/www.gruporetiro.com\/inversor\/wp-content\/uploads\/2021\/05\/oportunidad-inverson-local-reconvertirlo-vivienda.jpg","datePublished":"2020-12-23T19:40:54+00:00","author":{"@id":"https:\/\/www.gruporetiro.com\/inversor\/#\/schema\/person\/3a5d6cf1d26e0dd5135faf6241d40248"},"breadcrumb":{"@id":"https:\/\/www.gruporetiro.com\/inversor\/2020\/12\/23\/nueva-oportunidad-de-inversion-locales-comerciales-para-reconvertirlos-en-viviendas\/#breadcrumb"},"inLanguage":"es","potentialAction":[{"@type":"ReadAction","target":["https:\/\/www.gruporetiro.com\/inversor\/2020\/12\/23\/nueva-oportunidad-de-inversion-locales-comerciales-para-reconvertirlos-en-viviendas\/"]}]},{"@type":"ImageObject","inLanguage":"es","@id":"https:\/\/www.gruporetiro.com\/inversor\/2020\/12\/23\/nueva-oportunidad-de-inversion-locales-comerciales-para-reconvertirlos-en-viviendas\/#primaryimage","url":"https:\/\/www.gruporetiro.com\/inversor\/wp-content\/uploads\/2021\/05\/oportunidad-inverson-local-reconvertirlo-vivienda.jpg","contentUrl":"https:\/\/www.gruporetiro.com\/inversor\/wp-content\/uploads\/2021\/05\/oportunidad-inverson-local-reconvertirlo-vivienda.jpg","width":350,"height":200,"caption":"Girl visiting grandma. Back view of young and elderly women standing and looking out window. Family and taking care concept"},{"@type":"BreadcrumbList","@id":"https:\/\/www.gruporetiro.com\/inversor\/2020\/12\/23\/nueva-oportunidad-de-inversion-locales-comerciales-para-reconvertirlos-en-viviendas\/#breadcrumb","itemListElement":[{"@type":"ListItem","position":1,"name":"Portada","item":"https:\/\/www.gruporetiro.com\/inversor\/"},{"@type":"ListItem","position":2,"name":"Nueva oportunidad de inversi\u00f3n: Locales comerciales para reconvertirlos en viviendas"}]},{"@type":"WebSite","@id":"https:\/\/www.gruporetiro.com\/inversor\/#website","url":"https:\/\/www.gruporetiro.com\/inversor\/","name":"Inversi\u00f3n Renta Vitalicia","description":"","potentialAction":[{"@type":"SearchAction","target":{"@type":"EntryPoint","urlTemplate":"https:\/\/www.gruporetiro.com\/inversor\/?s={search_term_string}"},"query-input":{"@type":"PropertyValueSpecification","valueRequired":true,"valueName":"search_term_string"}}],"inLanguage":"es"},{"@type":"Person","@id":"https:\/\/www.gruporetiro.com\/inversor\/#\/schema\/person\/3a5d6cf1d26e0dd5135faf6241d40248","name":"admin","image":{"@type":"ImageObject","inLanguage":"es","@id":"https:\/\/www.gruporetiro.com\/inversor\/#\/schema\/person\/image\/","url":"https:\/\/secure.gravatar.com\/avatar\/c7afa5962b5f1557592c6cbc45b6b19f538bc0ea853d455320f793b58050f0b8?s=96&d=mm&r=g","contentUrl":"https:\/\/secure.gravatar.com\/avatar\/c7afa5962b5f1557592c6cbc45b6b19f538bc0ea853d455320f793b58050f0b8?s=96&d=mm&r=g","caption":"admin"},"sameAs":["https:\/\/gruporetiro.com\/inversor"],"url":"https:\/\/www.gruporetiro.com\/inversor\/author\/admin\/"}]}},"_links":{"self":[{"href":"https:\/\/www.gruporetiro.com\/inversor\/wp-json\/wp\/v2\/posts\/5672","targetHints":{"allow":["GET"]}}],"collection":[{"href":"https:\/\/www.gruporetiro.com\/inversor\/wp-json\/wp\/v2\/posts"}],"about":[{"href":"https:\/\/www.gruporetiro.com\/inversor\/wp-json\/wp\/v2\/types\/post"}],"author":[{"embeddable":true,"href":"https:\/\/www.gruporetiro.com\/inversor\/wp-json\/wp\/v2\/users\/1"}],"replies":[{"embeddable":true,"href":"https:\/\/www.gruporetiro.com\/inversor\/wp-json\/wp\/v2\/comments?post=5672"}],"version-history":[{"count":0,"href":"https:\/\/www.gruporetiro.com\/inversor\/wp-json\/wp\/v2\/posts\/5672\/revisions"}],"wp:featuredmedia":[{"embeddable":true,"href":"https:\/\/www.gruporetiro.com\/inversor\/wp-json\/wp\/v2\/media\/5655"}],"wp:attachment":[{"href":"https:\/\/www.gruporetiro.com\/inversor\/wp-json\/wp\/v2\/media?parent=5672"}],"wp:term":[{"taxonomy":"category","embeddable":true,"href":"https:\/\/www.gruporetiro.com\/inversor\/wp-json\/wp\/v2\/categories?post=5672"},{"taxonomy":"post_tag","embeddable":true,"href":"https:\/\/www.gruporetiro.com\/inversor\/wp-json\/wp\/v2\/tags?post=5672"}],"curies":[{"name":"wp","href":"https:\/\/api.w.org\/{rel}","templated":true}]}}